{"id":318980,"date":"2016-05-13T13:44:50","date_gmt":"2016-05-13T11:44:50","guid":{"rendered":"http:\/\/www.ivg.it\/?p=318980"},"modified":"2016-05-13T16:55:37","modified_gmt":"2016-05-13T14:55:37","slug":"santa-corona-luca-pancalli-visita-allunita-spinale","status":"publish","type":"post","link":"https:\/\/staging.ivg.it\/2016\/05\/santa-corona-luca-pancalli-visita-allunita-spinale\/","title":{"rendered":"Santa Corona, Luca Pancalli in visita all&#8217;Unit\u00e0 Spinale"},"content":{"rendered":"<p><strong>Pietra Ligure<\/strong>. <strong>Luca Pancalli, presidente nazionale del Comitato Italiano Paralimpico, si \u00e8 recato<\/strong> marted\u00ec 10 maggio<strong> in visita ufficiale all&#8217;Unit\u00e0 Spinale dell&#8217;ospedale Santa Corona.<\/strong><\/p>\n<p>Il primario professor <strong>Antonino Massone<\/strong>, il sindaco di Pietra Ligure <strong>Dario Valeriani<\/strong>, la vicesindaco <strong>Sara Foscolo<\/strong>, il presidente regionale Cip<strong> Gaetano Cuozzo<\/strong> e il consigliere regionale Cip <strong>Dario Della Gatta<\/strong> hanno accompagnato il massimo esponente nazionale dello sport paralimpico in una<strong> dettagliata visita guidata nei vari reparti della struttura<\/strong>, che rappresenta una vera e propria eccellenza nel campo del trattamento delle lesioni midollari.<\/p>\n<p>L&#8217;occasione \u00e8 stata propizia per riaffermare gli <strong>altissimi livelli raggiounti da questa struttura, centro riabilitativo ed eccellenza nel campo della ricerca.<\/strong> In tale contesto \u00e8 stata evidenziata la stretta sinergia intercorrente tra riabilitazione e sport.<\/p>\n<p><strong>La struttura pietrese\u00a0da sempre attribuisce primaria importanza alla pratica sportiva nel processo riabiitativo del paziente.<\/strong> Attraverso la pratica sportiva si riesce a migliorare il benessere psicofisico dell&#8217;individuo e se ne facilita il reinserimento nel contesto sociale.<\/p>\n<p>La presenza dei vertici dell&#8217;amministrazione comunale di Pietra Ligure vuole testimoniare la<strong> stretta sinergia tra la struttura ospedaliera ed il territorio<\/strong> che la ospita in un&#8217;ottica finalizzata a creare un ponte tra la riabilitazione ed il reiserimento nel contesto della vita quotidiana.<\/p>\n<p>&#8220;<strong>Una citt\u00e0 accessibile e capace di dare risposte ai bisogni di persone diversamente abili rappresenta un punto essenziale al fine di dare pieno compimento al percorso riabilitativo iniziato all&#8217;interno dell&#8217;Unit\u00e0 Spinale<\/strong> &#8211; spiega il sindaco <strong>Valeriani<\/strong> -. Come testimoniato dal conseguimento della bandiera lilla, riconoscimento concesso ai comuni che hanno posto in essere misure volte a favorire il turismo da parte di persone con disabilit\u00e0, da oltre un decennio <strong>Pietra Ligure ha intrapreso un importante percorso mirato ad abbattere barriere fisiche e culturali<\/strong> nell&#8217;ottica di rendere sempre pi\u00f9 effettivo e concreto il concetto di integrazione ed inclusione&#8221;.<\/p>\n<p>&#8220;Troppo spesso &#8211; prosegue -, a fronte di un quadro normativo che astrattamente pone in primo piano accessibilit\u00e0 e integrazione, risulta concretamente difficile ed ostile porre in essere quelle misure concrete che darebbero effettiva attuazione al dettato normativo. <strong>Porre in essere misure concrete in tema di accessibilit\u00e0 significa migliorare il benessere globale di una citt\u00e0 e creare anche nuove opportunit\u00e0 di crescita e sviluppo economico<\/strong>&#8220;.<\/p>\n<p>&#8220;<strong>Lo sviluppo esponenziale della pratica sportiva paralimpica \u00e8 testimonianza di questo inesorabile cambiamento nello stile di vita delle persone diversamente abili<\/strong> e risulta pertanto impellente saper dare risposte tangibile a questa nuova domanda attraverso la predisposizione di strutture ricettive accessibili e la costante <strong>attivit\u00e0 formativa ed educativa mirata ad abbattere quelle barriere culturali che troppo spesso<\/strong> &#8211; conclude Valeriani &#8211;<strong> sono la causa primaria del fenomeno discriminatorio<\/strong>&#8220;.<\/p>\n","protected":false},"excerpt":{"rendered":"<p>Il sindaco Dario Valeriani: &#8220;La pratica sportiva paralimpica abbatte le barriere che causano discriminazioni&#8221;<\/p>\n","protected":false},"author":18,"featured_media":0,"comment_status":"open","ping_status":"closed","sticky":false,"template":"","format":"standard","meta":{"footnotes":""},"categories":[45296,119,32],"tags":[875,302,18877,4511],"class_list":["post-318980","post","type-post","status-publish","format-standard","hentry","category-copertina","category-fotonotizia","category-sport","tag-disabilita","tag-santa-corona","tag-sport-paralimpico","tag-unita-spinale","post_cat_citta-pietra-ligure","post_tag_personaggi-antonino-massone","post_tag_personaggi-dario-della-gatta","post_tag_personaggi-dario-valeriani","post_tag_personaggi-gaetano-cuozzo","post_tag_personaggi-sara-foscolo"],"amp_validity":null,"amp_enabled":true,"_links":{"self":[{"href":"https:\/\/staging.ivg.it\/ediapi\/wp\/v2\/posts\/318980","targetHints":{"allow":["GET"]}}],"collection":[{"href":"https:\/\/staging.ivg.it\/ediapi\/wp\/v2\/posts"}],"about":[{"href":"https:\/\/staging.ivg.it\/ediapi\/wp\/v2\/types\/post"}],"author":[{"embeddable":true,"href":"https:\/\/staging.ivg.it\/ediapi\/wp\/v2\/users\/18"}],"replies":[{"embeddable":true,"href":"https:\/\/staging.ivg.it\/ediapi\/wp\/v2\/comments?post=318980"}],"version-history":[{"count":0,"href":"https:\/\/staging.ivg.it\/ediapi\/wp\/v2\/posts\/318980\/revisions"}],"wp:attachment":[{"href":"https:\/\/staging.ivg.it\/ediapi\/wp\/v2\/media?parent=318980"}],"wp:term":[{"taxonomy":"category","embeddable":true,"href":"https:\/\/staging.ivg.it\/ediapi\/wp\/v2\/categories?post=318980"},{"taxonomy":"post_tag","embeddable":true,"href":"https:\/\/staging.ivg.it\/ediapi\/wp\/v2\/tags?post=318980"}],"curies":[{"name":"wp","href":"https:\/\/api.w.org\/{rel}","templated":true}]}}