{"id":318857,"date":"2016-05-11T19:01:53","date_gmt":"2016-05-11T17:01:53","guid":{"rendered":"http:\/\/www.ivg.it\/?p=318857"},"modified":"2016-05-11T19:03:29","modified_gmt":"2016-05-11T17:03:29","slug":"unioni-civili-soddisfazione-dei-giovani-democratici-momento-storico","status":"publish","type":"post","link":"https:\/\/staging.ivg.it\/2016\/05\/unioni-civili-soddisfazione-dei-giovani-democratici-momento-storico\/","title":{"rendered":"Unioni Civili, soddisfazione dei Giovani Democratici: &#8220;Momento storico&#8221;"},"content":{"rendered":"<p><strong>Savona.<\/strong> \u201cOggi, alla Camera, si \u00e8 votata la fiducia sulla legge Cirinn\u00e0: \u00e8 un grande momento storico per l&#8217;Italia. Come Giovani Democratici, siamo sempre stati in prima linea su questo tema ed \u00e8 stata una delle nostre proposte pi\u00f9 importanti\u201d. Lo afferma il segretario provinciale Luca Burlando, candidato a Savona nella lista del Pd per le prossime comunali, che commenta la votazione sulla nuova legge delle Unioni Civili.<\/p>\n<p>\u201cSiamo felici ed emozionati perch\u00e9 finalmente si \u00e8 realizzato un primo passo verso la fine delle disuguaglianze, ma il nostro impegno continuer\u00e0 perch\u00e9 questo \u00e8 solo l&#8217;inizio e noi abbiamo ancora tanti obiettivi da raggiungere\u201d.<\/p>\n<p>\u201cOggi \u00e8 un giorno di festa, che in tanti aspettavamo da anni, e la nostra speranza era che, almeno in questa occasione, si mettessero da parte gli interessi politici e le divisioni per poter pensare solo al bene della societ\u00e0, in cui finalmente si potr\u00e0 amare indistintamente\u201d conclude.<\/p>\n","protected":false},"excerpt":{"rendered":"<p>Savona. \u201cOggi, alla Camera, si \u00e8 votata la fiducia sulla legge Cirinn\u00e0: \u00e8 un grande momento storico per l&#8217;Italia. Come Giovani Democratici, siamo sempre stati in prima linea su questo tema ed \u00e8 stata una delle nostre proposte pi\u00f9 importanti\u201d. Lo afferma il segretario provinciale Luca Burlando, candidato a Savona nella lista del Pd per [&hellip;]<\/p>\n","protected":false},"author":4,"featured_media":0,"comment_status":"open","ping_status":"closed","sticky":false,"template":"","format":"standard","meta":{"footnotes":""},"categories":[45296,31],"tags":[12434,80184],"class_list":["post-318857","post","type-post","status-publish","format-standard","hentry","category-copertina","category-politica","tag-giovani-democratici","tag-unioni-civili","post_cat_citta-savona","post_tag_personaggi-luca-burlando"],"amp_validity":null,"amp_enabled":true,"_links":{"self":[{"href":"https:\/\/staging.ivg.it\/ediapi\/wp\/v2\/posts\/318857","targetHints":{"allow":["GET"]}}],"collection":[{"href":"https:\/\/staging.ivg.it\/ediapi\/wp\/v2\/posts"}],"about":[{"href":"https:\/\/staging.ivg.it\/ediapi\/wp\/v2\/types\/post"}],"author":[{"embeddable":true,"href":"https:\/\/staging.ivg.it\/ediapi\/wp\/v2\/users\/4"}],"replies":[{"embeddable":true,"href":"https:\/\/staging.ivg.it\/ediapi\/wp\/v2\/comments?post=318857"}],"version-history":[{"count":0,"href":"https:\/\/staging.ivg.it\/ediapi\/wp\/v2\/posts\/318857\/revisions"}],"wp:attachment":[{"href":"https:\/\/staging.ivg.it\/ediapi\/wp\/v2\/media?parent=318857"}],"wp:term":[{"taxonomy":"category","embeddable":true,"href":"https:\/\/staging.ivg.it\/ediapi\/wp\/v2\/categories?post=318857"},{"taxonomy":"post_tag","embeddable":true,"href":"https:\/\/staging.ivg.it\/ediapi\/wp\/v2\/tags?post=318857"}],"curies":[{"name":"wp","href":"https:\/\/api.w.org\/{rel}","templated":true}]}}