{"id":318427,"date":"2016-05-05T18:52:43","date_gmt":"2016-05-05T16:52:43","guid":{"rendered":"http:\/\/www.ivg.it\/?p=318427"},"modified":"2016-05-05T18:52:43","modified_gmt":"2016-05-05T16:52:43","slug":"addio-alla-polizia-provinciale-enpa-errore-miope-meglio-specializzare-corpo-nella-tutela-ambientale","status":"publish","type":"post","link":"https:\/\/staging.ivg.it\/2016\/05\/addio-alla-polizia-provinciale-enpa-errore-miope-meglio-specializzare-corpo-nella-tutela-ambientale\/","title":{"rendered":"Addio alla polizia provinciale, Enpa: &#8220;Errore miope, meglio specializzare il corpo nella tutela ambientale&#8221;"},"content":{"rendered":"<p><strong>Provincia<\/strong>. \u201cChe miope errore stanno facendo la Provincia e la Regione a sciogliere il corpo della polizia provinciale di Savona, perdendo invece l\u2019occasione di ristrutturarlo e renderlo ancora pi\u00f9 efficiente. Non pu\u00f2 essere vero che l\u2019esistenza del corpo non sia prioritaria, in una delle provincie pi\u00f9 boscose e quindi con pi\u00f9 ambiente naturale da difendere d\u2019Italia\u201d.<\/p>\n<p>Cos\u00ec l&#8217;Enpa di Savona a proposito della soppressione del corpo di polizia provinciale, che (tra gli altri incarichi) ha anche il compito di tutelare l&#8217;ambiente di tutto il territorio.<\/p>\n<p>\u201cIn una provincia assediata, non di pi\u00f9 ma neppure meno di altre zone italiane, da un bracconaggio sempre pi\u00f9 sfacciato che si spinge ormai ai margini degli abitati (Conca Verde a Savona), occorre invece rafforzare e specializzare il corpo \u2013 dice Enpa \u2013 Eventualmente riducendo il suo campo d\u2019azione alla difesa della natura, dell\u2019ambiente e degli animali che ne popolano i boschi e le acque. Un servizio efficace e moderno, che persegue chi viola le norme di legge, mantenendosi cos\u00ec con i proventi delle sanzioni e delle multe; e dia anche un valido aiuto, come gi\u00e0 accade in altre regioni, alle associazioni animaliste impegnate nel soccorso degli animali selvatici feriti o in difficolt\u00e0, finora vergognosamente lasiato, a Savona, all\u2019iniziativa dell\u2019Enpa\u201d.<\/p>\n<p>L\u2019associazione chiede che la giunta regionale di Toti e Mai (presidente ed assessore competente) \u201crinunci alla liquidazione del corpo ed alla dispersione delle professionalit\u00e0 in altri settori estranei all\u2019esperienza, alla motivazione e alle competenze specifiche maturate in tanti anni di attivit\u00e0; solo cos\u00ec dimostrer\u00e0 di voler difendere, oltre all\u2019ambiente, anche la legalit\u00e0 di un paese civile, assaltato da un esercito di bracconieri\u201d.<\/p>\n","protected":false},"excerpt":{"rendered":"<p>&#8220;Non pu\u00f2 essere vero che l\u2019esistenza del corpo non sia prioritaria in una delle provincie pi\u00f9 boscose d\u2019Italia&#8221;<\/p>\n","protected":false},"author":12120,"featured_media":0,"comment_status":"open","ping_status":"closed","sticky":false,"template":"","format":"standard","meta":{"footnotes":""},"categories":[45296,31],"tags":[29794,2902,84388],"class_list":["post-318427","post","type-post","status-publish","format-standard","hentry","category-copertina","category-politica","tag-enpa-savona","tag-polizia-provinciale","tag-scioglimento-polizia-provinciale","post_cat_citta-provincia"],"amp_validity":null,"amp_enabled":true,"_links":{"self":[{"href":"https:\/\/staging.ivg.it\/ediapi\/wp\/v2\/posts\/318427","targetHints":{"allow":["GET"]}}],"collection":[{"href":"https:\/\/staging.ivg.it\/ediapi\/wp\/v2\/posts"}],"about":[{"href":"https:\/\/staging.ivg.it\/ediapi\/wp\/v2\/types\/post"}],"author":[{"embeddable":true,"href":"https:\/\/staging.ivg.it\/ediapi\/wp\/v2\/users\/12120"}],"replies":[{"embeddable":true,"href":"https:\/\/staging.ivg.it\/ediapi\/wp\/v2\/comments?post=318427"}],"version-history":[{"count":0,"href":"https:\/\/staging.ivg.it\/ediapi\/wp\/v2\/posts\/318427\/revisions"}],"wp:attachment":[{"href":"https:\/\/staging.ivg.it\/ediapi\/wp\/v2\/media?parent=318427"}],"wp:term":[{"taxonomy":"category","embeddable":true,"href":"https:\/\/staging.ivg.it\/ediapi\/wp\/v2\/categories?post=318427"},{"taxonomy":"post_tag","embeddable":true,"href":"https:\/\/staging.ivg.it\/ediapi\/wp\/v2\/tags?post=318427"}],"curies":[{"name":"wp","href":"https:\/\/api.w.org\/{rel}","templated":true}]}}