{"id":317886,"date":"2016-04-29T13:23:49","date_gmt":"2016-04-29T11:23:49","guid":{"rendered":"http:\/\/www.ivg.it\/?p=317886"},"modified":"2016-04-29T13:23:49","modified_gmt":"2016-04-29T11:23:49","slug":"verso-voto-diaspro-m5s-alla-luce-del-sole","status":"publish","type":"post","link":"https:\/\/staging.ivg.it\/2016\/04\/verso-voto-diaspro-m5s-alla-luce-del-sole\/","title":{"rendered":"Verso il voto, Diaspro (M5S): &#8220;Con noi tutto alla luce del sole&#8221;"},"content":{"rendered":"<p><strong>Savona.<\/strong>\u00a0Partecipazione e trasparenza, questo il primo di una serie di incontri dove i Pentastellati illustreranno il programma elettorale per cambiare Savona. L&#8217;appuntamento \u00e8 per domani alle 10.30 in Sala Rossa del Comune di Savona.<\/p>\n<p>La partecipazione e la trasparenza sono i valori fondanti dell\u2019azione politica del MoVimento 5 Stelle e attraversano tutti i temi che compongono il nostro programma.Nel corso di tutti gli incontri sul programma saranno presentate le\u00a0proposte concrete per migliorare Savona e la vita di chi vi abita.&#8221; Le chiacchiere le lasciamo agli altri &#8211; fanno sapere dai Cinquestelle \u00a0-Parleremo di argomenti decisivi per la vita dei savonesi e per il bene comune: come fare in modo che i conti pubblici tornino alla luce del sole, perch\u00e9 l\u2019operato degli amministratori sia realmente controllato dai cittadini, i servizi siano davvero efficienti e gli sprechi finalmente azzerati; come riportare gli appalti dentro la legalit\u00e0, perch\u00e9 contributi, immobili e lavori siano assegnati in modo imparziale nel solo interesse della citt\u00e0 e si faccia finita, una volta per tutte, con i favori agli amici&#8221;.<\/p>\n<p>Domani interverranno il candidato sindaco Salvatore Diaspro, il consigliere comunale Milena Debenedetti, i deputati Sergio Battelli (commissione Politiche Europee) e Fabiana Dadone (commissione Affari Costituzionali), il consigliere regionale Andrea Melis e Alberto Dressino del Comitato Acqua Bene Comune.<\/p>\n","protected":false},"excerpt":{"rendered":"<p>I Grillini: &#8220;La partecipazione e la trasparenza sono i valori fondanti della nostra azione politica&#8221;<\/p>\n","protected":false},"author":12291,"featured_media":0,"comment_status":"open","ping_status":"closed","sticky":false,"template":"","format":"standard","meta":{"footnotes":""},"categories":[45296,31],"tags":[77365,36891],"class_list":["post-317886","post","type-post","status-publish","format-standard","hentry","category-copertina","category-politica","tag-elezioni-amministrative-2016","tag-movimento-cinque-stelle","post_cat_citta-savona","post_tag_personaggi-salvatore-diaspro"],"amp_validity":null,"amp_enabled":true,"_links":{"self":[{"href":"https:\/\/staging.ivg.it\/ediapi\/wp\/v2\/posts\/317886","targetHints":{"allow":["GET"]}}],"collection":[{"href":"https:\/\/staging.ivg.it\/ediapi\/wp\/v2\/posts"}],"about":[{"href":"https:\/\/staging.ivg.it\/ediapi\/wp\/v2\/types\/post"}],"author":[{"embeddable":true,"href":"https:\/\/staging.ivg.it\/ediapi\/wp\/v2\/users\/12291"}],"replies":[{"embeddable":true,"href":"https:\/\/staging.ivg.it\/ediapi\/wp\/v2\/comments?post=317886"}],"version-history":[{"count":0,"href":"https:\/\/staging.ivg.it\/ediapi\/wp\/v2\/posts\/317886\/revisions"}],"wp:attachment":[{"href":"https:\/\/staging.ivg.it\/ediapi\/wp\/v2\/media?parent=317886"}],"wp:term":[{"taxonomy":"category","embeddable":true,"href":"https:\/\/staging.ivg.it\/ediapi\/wp\/v2\/categories?post=317886"},{"taxonomy":"post_tag","embeddable":true,"href":"https:\/\/staging.ivg.it\/ediapi\/wp\/v2\/tags?post=317886"}],"curies":[{"name":"wp","href":"https:\/\/api.w.org\/{rel}","templated":true}]}}