{"id":317279,"date":"2016-04-21T08:40:59","date_gmt":"2016-04-21T06:40:59","guid":{"rendered":"http:\/\/www.ivg.it\/?p=317279"},"modified":"2016-04-21T10:57:00","modified_gmt":"2016-04-21T08:57:00","slug":"finale-incontro-sul-caos-parcheggi-fischi-e-urla-contro-frascherelli","status":"publish","type":"post","link":"https:\/\/staging.ivg.it\/2016\/04\/finale-incontro-sul-caos-parcheggi-fischi-e-urla-contro-frascherelli\/","title":{"rendered":"Caos parcheggi a Finale: fischi, urla e insulti contro Frascherelli"},"content":{"rendered":"<p><strong>Finale Ligure.<\/strong> Contestazione ci si aspettava, e <strong>contestazione \u00e8 stata<\/strong>. L&#8217;incontro di ieri sera tra l&#8217;amministrazione comunale e i commercianti, a seguito della revisione delle tariffe dei parcheggi finalesi, si preannunciava teso dato il malcontento di residenti e lavoratori: e in effetti durante la serata non sono mancati momenti di tensione, con <strong>urla e grida da parte dei presenti contro il sindaco Ugo Frascherelli e l&#8217;assessore Andrea Guzzi, interrotti nelle loro spiegazioni dalla rabbia dei cittadini<\/strong>.<\/p>\n<p>Il sindaco aveva programmato l&#8217;incontro per tentare di spiegare le ragioni alla base del provvedimento, alla luce delle feroci critiche giunte da diverse parti, in primis dalla minoranza. &#8220;L\u2019opposizione fa il suo lavoro, capisco che critichi e, per carit\u00e0, \u00e8 giusto cos\u00ec &#8211; ha sostenuto Frascherelli &#8211; Siamo in democrazia, stiamo per festeggiare la Liberazione e la Liberazione \u00e8 anche questo, poter dire quello che si crede. <strong>E\u2019 anche ipotizzabile che certe scelte non siano corrette, lo vedremo, per\u00f2 dirlo prima non mi sembra corretto<\/strong>&#8220;.<\/p>\n<p>La riunione, dunque, serviva proprio a cercare una mediazione, spiegando ai cittadini i perch\u00e9: &#8220;Avevamo gi\u00e0 messo in programma di venire a Finalborgo &#8211; ha rivelato Frascherelli &#8211; ovviamente <strong>l\u2019entrata in vigore del nuovo piano tariffario ha creato il malcontento che tutti conosciamo<\/strong> e quindi siamo qua per spiegare nella sostanza cosa si fa. La ragione principale \u00e8 quella di spiegare le ragioni alla base della modifica dell\u2019organizzazione dei parcheggi di Finale Ligure. Ci saranno contestazioni, sono qua apposta per spiegare. Spero che capiscano\u2026 <strong>di certo non si tratta di una decisione presa per far arrabbiare le persone<\/strong>&#8220;.<div class=\"single-img-content-container fullwidth-single shortcode standard\">\n    <div class=\"image_container\" style=\"text-align: center;\">\n        <picture class=\" lazyload\"><img loading=\"lazy\" class=\"lazy\" data-srcset=\"https:\/\/www.ivg.it\/photogallery_new\/images\/2016\/04\/generica-336207.jpg 1024w, https:\/\/www.ivg.it\/photogallery_new\/images\/2016\/04\/generica-336207.jpg 970w, https:\/\/www.ivg.it\/photogallery_new\/images\/2016\/04\/generica-336207.jpg 660w, https:\/\/www.ivg.it\/photogallery_new\/images\/2016\/04\/generica-336207.jpg 316w, https:\/\/www.ivg.it\/photogallery_new\/images\/2016\/04\/generica-336207.jpg 150w\"  data-src=\"https:\/\/www.ivg.it\/photogallery_new\/images\/2016\/04\/generica-336207.jpg\" alt=\"Generica\" \/><\/picture>\r\n\n    <\/div>\n    <\/div>\n<\/p>\n<p>Di fronte un autentico &#8220;muro&#8221; fatto di scontento e di accuse da parte dei commercianti e dei cittadini presenti, secondo i quali l&#8217;operazione ha come ragione principale quella di fare cassa con Finale Ambiente (il bilancio previsionale 2016 riporta <strong>introiti previsti per 820 mila euro<\/strong> dagli incassi dei park a pagamento). &#8220;Noi questa sera siamo qui per ascoltare &#8211; sostiene una commerciante &#8211; per tutti i residenti di Finale e per chi lavora dentro al Borgo. <strong>Vogliamo cercare almeno di unificare la tariffa per tutti<\/strong> dato che i cartelli che sono ancora affissi adesso dicono altre cose&#8230; parlano di 30 centesimi l\u2019ora per i residenti, 80 centesimi per i lavoratori e 1,80 euro per i turisti, cifra che ci sembra eccessiva se vogliamo essere un paese turistico. Cerchiamo di abbassare le tariffe e trovarne una unica che vada bene per tutti quanti&#8221;.<\/p>\n<p>Diversi i punti contestati: &#8220;Non ci piace il pagamento di un parcheggio a 30 centesimi l\u2019ora durante tutta la giornata &#8211; accusa la commerciante &#8211; non abbiamo un\u2019alternativa, non ci sono aree libere per poter parcheggiare. Il parcheggio per i residenti \u00e8 limitato alla zona fuori dalle mura, che non pu\u00f2 contenere tutte le macchine; i dipendenti che vengono a lavorare qua, che ovviamente non hanno stipendi milionari, non possono sostenere una spesa del genere. Noi chiediamo se possibile di tornare alla gratuit\u00e0, altrimenti di trovare un\u2019alternativa economica per tutti. Proteste? <strong>Noi siamo pacifisti<\/strong> &#8211; avverte la commerciante &#8211; <strong>ma siamo pronti anche a lottare<\/strong>\u2026 per tutti i cittadini di Finale, per i turisti che vengono qua da anni, per quelli che hanno qui una casa ma non sono residenti\u2026 siamo pronti a lottare per tutti&#8221;.<div class=\"single-img-content-container fullwidth-single shortcode standard\">\n    <div class=\"image_container\" style=\"text-align: center;\">\n        <picture class=\" lazyload\"><img loading=\"lazy\" class=\"lazy\" data-srcset=\"https:\/\/www.ivg.it\/photogallery_new\/images\/2016\/04\/generica-336208.jpg 1024w, https:\/\/www.ivg.it\/photogallery_new\/images\/2016\/04\/generica-336208.jpg 970w, https:\/\/www.ivg.it\/photogallery_new\/images\/2016\/04\/generica-336208.jpg 660w, https:\/\/www.ivg.it\/photogallery_new\/images\/2016\/04\/generica-336208.jpg 316w, https:\/\/www.ivg.it\/photogallery_new\/images\/2016\/04\/generica-336208.jpg 150w\"  data-src=\"https:\/\/www.ivg.it\/photogallery_new\/images\/2016\/04\/generica-336208.jpg\" alt=\"Generica\" \/><\/picture>\r\n\n    <\/div>\n    <\/div>\n<\/p>\n<p>Nonostante le proteste, per\u00f2, Frascherelli si \u00e8 mostrato deciso: &#8220;Nessuna marcia indietro &#8211; annuncia &#8211; Poi \u00e8<strong> evidente che non si tratta di norme scritte nel granito, se ci rendiamo conto che il sistema non funziona faremo delle modifiche<\/strong>, ma cos\u00ec non mi sembra\u2026 Il criterio \u00e8 quello di uniformare la tariffa su tutto il territorio del Comune, creare dei parcheggi di scambio a ridosso dei centri di Borgo, Marina, Pia e Varigotti, e creare dei parcheggi gialli per i residenti completamente gratuiti. E poi, per quanto riguarda Finalborgo e Finalpia abbiamo introdotto un progetto pilota in ragione del fatto che non possiamo usare come parcheggio il campo Viola perch\u00e9 ci \u00e8 stato chiesto dal baseball e dall\u2019atletica, e riteniamo sia pi\u00f9 utile utilizzare il campo sportivo per attivit\u00e0 sportive che non come parcheggio. <strong>Il progetto pilota consente quindi a tutti i residenti nell\u2019Unione di parcheggiare negli spazi blu di Finalborgo per 30 euro all\u2019anno<\/strong>: parliamo comunque di una tariffa inferiore al centesimo&#8221;.<\/p>\n<p>Momenti di tensione al termine dell&#8217;incontro, all&#8217;uscita di sindaco, assessore e Finale Ambiente dove sono proseguite le urla e gli insulti contro l&#8217;amministrazione comunale con i commercianti e i cittadini di Finalborgo che annunciano ancora dura battaglia.<\/p>\n","protected":false},"excerpt":{"rendered":"<p>Non sono mancati momenti di tensione: nel mirino dei commercianti il sindaco e Guzzi, interrotti nelle loro spiegazioni dalla rabbia dei cittadini<\/p>\n","protected":false},"author":10593,"featured_media":0,"comment_status":"open","ping_status":"closed","sticky":false,"template":"","format":"standard","meta":{"footnotes":""},"categories":[45296,31],"tags":[11158,74655],"class_list":["post-317279","post","type-post","status-publish","format-standard","hentry","category-copertina","category-politica","tag-finale-ambiente","tag-finale-parcheggi","post_cat_citta-finale-ligure","post_tag_personaggi-ugo-frascherelli"],"amp_validity":null,"amp_enabled":true,"_links":{"self":[{"href":"https:\/\/staging.ivg.it\/ediapi\/wp\/v2\/posts\/317279","targetHints":{"allow":["GET"]}}],"collection":[{"href":"https:\/\/staging.ivg.it\/ediapi\/wp\/v2\/posts"}],"about":[{"href":"https:\/\/staging.ivg.it\/ediapi\/wp\/v2\/types\/post"}],"author":[{"embeddable":true,"href":"https:\/\/staging.ivg.it\/ediapi\/wp\/v2\/users\/10593"}],"replies":[{"embeddable":true,"href":"https:\/\/staging.ivg.it\/ediapi\/wp\/v2\/comments?post=317279"}],"version-history":[{"count":0,"href":"https:\/\/staging.ivg.it\/ediapi\/wp\/v2\/posts\/317279\/revisions"}],"wp:attachment":[{"href":"https:\/\/staging.ivg.it\/ediapi\/wp\/v2\/media?parent=317279"}],"wp:term":[{"taxonomy":"category","embeddable":true,"href":"https:\/\/staging.ivg.it\/ediapi\/wp\/v2\/categories?post=317279"},{"taxonomy":"post_tag","embeddable":true,"href":"https:\/\/staging.ivg.it\/ediapi\/wp\/v2\/tags?post=317279"}],"curies":[{"name":"wp","href":"https:\/\/api.w.org\/{rel}","templated":true}]}}