{"id":316621,"date":"2016-04-12T13:34:42","date_gmt":"2016-04-12T11:34:42","guid":{"rendered":"http:\/\/www.ivg.it\/?p=316621"},"modified":"2016-04-12T13:58:12","modified_gmt":"2016-04-12T11:58:12","slug":"savona-svaligiato-negozio-prini-due-via-paleocapa-bottino-60-mila-euro","status":"publish","type":"post","link":"https:\/\/staging.ivg.it\/2016\/04\/savona-svaligiato-negozio-prini-due-via-paleocapa-bottino-60-mila-euro\/","title":{"rendered":"Savona, svaligiato il negozio &#8220;Prini Due&#8221; di via Paleocapa: bottino da 60 mila euro"},"content":{"rendered":"<p><strong>Savona<\/strong>. E&#8217; di 60 mila euro il bottino del colpo ai danni del negozio di calzature e pelletteria \u201cPrini Due\u201d di via Paleocapa a Savona.<\/p>\n<p>Il furto \u00e8 avvenuto verso le 3 di questa notte. Secondo quanto ricostruito, i malviventi sono passati da corso Italia: hanno raggiunto il primo piano del negozio con una scala, hanno sfondato il vetro a colpi di mazzetta e sono cos\u00ec riusciti a penetrare all&#8217;interno del negozio.<\/p>\n<p>Muovendosi a carponi per evitare che i sensori dell&#8217;impianto di allarme scattassero, i ladri hanno messo insieme il bottino (per lo pi\u00f9 portafogli e borse di Fendi e Dolce&amp;Gabbana) che poi hanno lanciato ad un complice che attendeva in strada.<\/p>\n<p>Non tutto, per\u00f2, \u00e8 andato come previsto: ad un tratto, infatti, l&#8217;allarme \u00e8 scattato e cos\u00ec i malviventi se la sono dovuta dare a gambe in fretta e furia. Le telecamere di sorveglianza, per\u00f2, sono riuscite a immortalare uno di loro: indossava una tuta e un passamontagna.<\/p>\n","protected":false},"excerpt":{"rendered":"<p>Portati via portafogli e borse di marca<\/p>\n","protected":false},"author":12120,"featured_media":0,"comment_status":"open","ping_status":"closed","sticky":false,"template":"","format":"standard","meta":{"footnotes":""},"categories":[45296,34],"tags":[1034,3770],"class_list":["post-316621","post","type-post","status-publish","format-standard","hentry","category-copertina","category-cronaca","tag-furto","tag-videosorveglianza","post_cat_citta-savona"],"amp_validity":null,"amp_enabled":true,"_links":{"self":[{"href":"https:\/\/staging.ivg.it\/ediapi\/wp\/v2\/posts\/316621","targetHints":{"allow":["GET"]}}],"collection":[{"href":"https:\/\/staging.ivg.it\/ediapi\/wp\/v2\/posts"}],"about":[{"href":"https:\/\/staging.ivg.it\/ediapi\/wp\/v2\/types\/post"}],"author":[{"embeddable":true,"href":"https:\/\/staging.ivg.it\/ediapi\/wp\/v2\/users\/12120"}],"replies":[{"embeddable":true,"href":"https:\/\/staging.ivg.it\/ediapi\/wp\/v2\/comments?post=316621"}],"version-history":[{"count":0,"href":"https:\/\/staging.ivg.it\/ediapi\/wp\/v2\/posts\/316621\/revisions"}],"wp:attachment":[{"href":"https:\/\/staging.ivg.it\/ediapi\/wp\/v2\/media?parent=316621"}],"wp:term":[{"taxonomy":"category","embeddable":true,"href":"https:\/\/staging.ivg.it\/ediapi\/wp\/v2\/categories?post=316621"},{"taxonomy":"post_tag","embeddable":true,"href":"https:\/\/staging.ivg.it\/ediapi\/wp\/v2\/tags?post=316621"}],"curies":[{"name":"wp","href":"https:\/\/api.w.org\/{rel}","templated":true}]}}