{"id":316238,"date":"2016-04-07T11:12:32","date_gmt":"2016-04-07T09:12:32","guid":{"rendered":"http:\/\/www.ivg.it\/?p=316238"},"modified":"2016-04-07T11:12:59","modified_gmt":"2016-04-07T09:12:59","slug":"fulvio-florean-pronto-rally-sanremo","status":"publish","type":"post","link":"https:\/\/staging.ivg.it\/2016\/04\/fulvio-florean-pronto-rally-sanremo\/","title":{"rendered":"Fulvio Florean pronto per il Rally di Sanremo"},"content":{"rendered":"<p><strong>Savona<\/strong>. Il navigatore<strong> Fulvio Florean, in coppia con il pilota Elwis Chentre, sar\u00e0 al via del Rally di Sanremo, prova di Campionato Italiano Rally in programma venerd\u00ec 8 e sabato 9 aprile.<\/strong><\/p>\n<p>Il duo, savonese-valdostano, reduce dalla vittoria nel Canavese due settimane fa, si presenter\u00e0 ai nastri di partenza con la\u00a0consueta<strong> Abarth Grande Punto S2000 del team D&#8217;Ambra con i colori del nuovo sponsor Santero 958<\/strong>, supportati direttamente da Michelin Italia.<\/p>\n<p>&#8220;Sempre un onore partecipare a quella che tutti gli esperti ed appassionati ritengono la pi\u00f9 bella gara italiana &#8211; dichiara Florean -. Cercheremo ovviamente di dare il massimo come sempre consapevoli per\u00f2 del fatto che partiamo decisamente svantaggiati rispetto alle ben pi\u00f9 performanti ed evolute vetture R5&#8221;.<\/p>\n","protected":false},"excerpt":{"rendered":"<p>A due settimane dalla vittoria nel Canavese<\/p>\n","protected":false},"author":18,"featured_media":0,"comment_status":"open","ping_status":"closed","sticky":false,"template":"","format":"standard","meta":{"footnotes":""},"categories":[45296,42377,32],"tags":[82875,2982,83348],"class_list":["post-316238","post","type-post","status-publish","format-standard","hentry","category-copertina","category-altri-sport","category-sport","tag-abarth-grande-punto-s2000","tag-rally","tag-rally-di-sanremo","post_cat_citta-savona","post_tag_personaggi-fulvio-florean"],"amp_validity":null,"amp_enabled":true,"_links":{"self":[{"href":"https:\/\/staging.ivg.it\/ediapi\/wp\/v2\/posts\/316238","targetHints":{"allow":["GET"]}}],"collection":[{"href":"https:\/\/staging.ivg.it\/ediapi\/wp\/v2\/posts"}],"about":[{"href":"https:\/\/staging.ivg.it\/ediapi\/wp\/v2\/types\/post"}],"author":[{"embeddable":true,"href":"https:\/\/staging.ivg.it\/ediapi\/wp\/v2\/users\/18"}],"replies":[{"embeddable":true,"href":"https:\/\/staging.ivg.it\/ediapi\/wp\/v2\/comments?post=316238"}],"version-history":[{"count":0,"href":"https:\/\/staging.ivg.it\/ediapi\/wp\/v2\/posts\/316238\/revisions"}],"wp:attachment":[{"href":"https:\/\/staging.ivg.it\/ediapi\/wp\/v2\/media?parent=316238"}],"wp:term":[{"taxonomy":"category","embeddable":true,"href":"https:\/\/staging.ivg.it\/ediapi\/wp\/v2\/categories?post=316238"},{"taxonomy":"post_tag","embeddable":true,"href":"https:\/\/staging.ivg.it\/ediapi\/wp\/v2\/tags?post=316238"}],"curies":[{"name":"wp","href":"https:\/\/api.w.org\/{rel}","templated":true}]}}