{"id":315715,"date":"2016-04-01T07:42:19","date_gmt":"2016-04-01T05:42:19","guid":{"rendered":"http:\/\/www.ivg.it\/?p=315715"},"modified":"2016-04-01T07:42:19","modified_gmt":"2016-04-01T05:42:19","slug":"belli-fulminati-gara-concerto-del-primo-maggio-roma","status":"publish","type":"post","link":"https:\/\/staging.ivg.it\/2016\/04\/belli-fulminati-gara-concerto-del-primo-maggio-roma\/","title":{"rendered":"I Belli fulminati&#8230;in gara per il concerto del Primo Maggio a Roma"},"content":{"rendered":"<p><strong>Albenga. <\/strong>La band dei &#8220;Belli fulminati nel bosco&#8221; partecipa al contest del 1 maggio di Roma e chiede un aiuto agli albenganesi e al resto della regione. E&#8217; sulla rampa di lancio per esibirsi con i big internazionali durante il concerto che, come vuole la tradizione, si svolge durante la Festa dei lavoratori&#8221;.<\/p>\n<p>E cos\u00ec dopo lunghe selezioni nazionali la band della Riviera di Ponente \u00e8 entrata nel gruppo delle 100 band scelte per essere votate dal web e dalla giuria di qualit\u00e0. &#8220;Ma solo 3 &#8211; spiega Massimo Zanelli &#8211; saliranno sul palco di Pazza San Giovanni. Ecco perch\u00e9 \u00e8 importante aiutare il nostro gruppo votandoci perch\u00e9 potremo rappresentare un pezzo di Liguria dal Palco del 1\u00b0 maggio a Roma&#8221;. Qui le modalit\u00e0 per poterli votare www.1mnext.it\/index.php\/gli-artisti\/belli-fulminati-nel-bosco<\/p>\n<p>I Belli fulminati nel bosco sono una formazione di 11 elementi che vanta innumerevoli serate live in moltissimi locali italiani ed in diversi festival e manifestazioni italiane come: Altro Festival di Sanremo, Sanscemo, Maurizio Costanzo Show, Striscia la Notizia e molti altri. I loro testi sono uno spaccato di vita vissuta in maniera irridente, spiritosa, sarcastica, irriverente &#8230; un po&#8217; come \u00e8 la loro vita o come vorrebbero che fosse, quella musicale e anche quella quotidiana.<\/p>\n<p>La band compie 25 anni di vita, pura espressione del Cabarock, un genere non-genere contenitore dinamico di molteplici generi come rock, ska, blues, latino-americano e molti altri, reinterpretati e personalizzati nell&#8217;esecuzione non strettamente classica e miscelati tra loro anche all&#8217;interno di uno stesso brano. Gli ultimi due album al loro attivo sono: Pensione California del 2013, con la partecipazione del compianto leader degli Skiantos, Freak Antoni e Vegetals del 2015.<\/p>\n","protected":false},"excerpt":{"rendered":"<p>Sono tre band saliranno sul palco di San Giovanni ma \u00e8 necessario votarla nel contest nazionale<\/p>\n","protected":false},"author":12291,"featured_media":0,"comment_status":"open","ping_status":"closed","sticky":false,"template":"","format":"standard","meta":{"footnotes":""},"categories":[45296,56],"tags":[83129],"class_list":["post-315715","post","type-post","status-publish","format-standard","hentry","category-copertina","category-altre","tag-i-belli-fulminati-nel-bosco","post_cat_citta-albenga","post_tag_personaggi-massimo-zanelli"],"amp_validity":null,"amp_enabled":true,"_links":{"self":[{"href":"https:\/\/staging.ivg.it\/ediapi\/wp\/v2\/posts\/315715","targetHints":{"allow":["GET"]}}],"collection":[{"href":"https:\/\/staging.ivg.it\/ediapi\/wp\/v2\/posts"}],"about":[{"href":"https:\/\/staging.ivg.it\/ediapi\/wp\/v2\/types\/post"}],"author":[{"embeddable":true,"href":"https:\/\/staging.ivg.it\/ediapi\/wp\/v2\/users\/12291"}],"replies":[{"embeddable":true,"href":"https:\/\/staging.ivg.it\/ediapi\/wp\/v2\/comments?post=315715"}],"version-history":[{"count":0,"href":"https:\/\/staging.ivg.it\/ediapi\/wp\/v2\/posts\/315715\/revisions"}],"wp:attachment":[{"href":"https:\/\/staging.ivg.it\/ediapi\/wp\/v2\/media?parent=315715"}],"wp:term":[{"taxonomy":"category","embeddable":true,"href":"https:\/\/staging.ivg.it\/ediapi\/wp\/v2\/categories?post=315715"},{"taxonomy":"post_tag","embeddable":true,"href":"https:\/\/staging.ivg.it\/ediapi\/wp\/v2\/tags?post=315715"}],"curies":[{"name":"wp","href":"https:\/\/api.w.org\/{rel}","templated":true}]}}