{"id":315712,"date":"2016-04-01T00:08:10","date_gmt":"2016-03-31T22:08:10","guid":{"rendered":"http:\/\/www.ivg.it\/?p=315712"},"modified":"2016-04-01T00:08:10","modified_gmt":"2016-03-31T22:08:10","slug":"alassio-trionfo-giallonera-anche-la-coppa-liguria","status":"publish","type":"post","link":"https:\/\/staging.ivg.it\/2016\/04\/alassio-trionfo-giallonera-anche-la-coppa-liguria\/","title":{"rendered":"Alassio, che trionfo: giallonera anche la Coppa Liguria"},"content":{"rendered":"<p><strong>Alassio<\/strong>. <strong>Giallo e nero i colori della Coppa Liguria di Seconda e Terza categoria<\/strong> in questa stagione: ad aggiudicarsela, <strong>in una combattuta finale contro l&#8217;Antica Luni, \u00e8 stato l&#8217;Alassio F.C.<\/strong>, che a Multedo si \u00e8 imposto per 3-2.<\/p>\n<p>Il match di mercoled\u00ec sera \u00e8 stato deciso<strong> a favore dell&#8217;Alassio gi\u00e0 nella prima mezz&#8217;ora<\/strong>: autore delle prime due reti \u00e8 stato il bomber Lupo, che si \u00e8 fatto valere al 9&#8242; e pochi istanti prima della mezz&#8217;ora. Con Gandolfo a sigillare il triplo vantaggio, \u00e8 stato poi il team di Luni a inseguire nella seconda frazione, procurandosi le due reti con Franzoni e Balloni, capace di siglare un rigore nel recupero.<\/p>\n<p><strong>Pi\u00f9 di un centinaio i tifosi alassini<\/strong> presenti sul campo neutro di Multedo, dove hanno saputo farsi sentire e rimanere vicini alla loro squadra.<\/p>\n<p>La vittoria in coppa fa il paio con quella in campionato, torneo che <strong>l&#8217;Alassio si \u00e8 aggiudicato matematicamente domenica scorsa<\/strong>, ma che gi\u00e0 da tempo era nelle mani del team rivierasco, dimostratosi fin da subito capace di conquistare la promozione. Il presidente Vincenzi potr\u00e0 dirsi sicuramente contento e potr\u00e0 ripartire da questi risultati nel costruire la squadra per affrontare la prossima stagione.<\/p>\n","protected":false},"excerpt":{"rendered":"<p>L&#8217;Alassio trionfa in Coppa contro l&#8217;Antica Luni e si aggiudica il secondo torneo in quattro giorni, dopo la conquista del campionato di Seconda categoria<\/p>\n","protected":false},"author":12631,"featured_media":0,"comment_status":"open","ping_status":"closed","sticky":false,"template":"","format":"standard","meta":{"footnotes":""},"categories":[45296,182,32],"tags":[85824,58579,85989,2658,202,450],"class_list":["post-315712","post","type-post","status-publish","format-standard","hentry","category-copertina","category-calcio","category-sport","tag-alassio","tag-alassio-fc","tag-calcio","tag-campionato","tag-coppa-liguria","tag-seconda-categoria","post_cat_citta-alassio"],"amp_validity":null,"amp_enabled":true,"_links":{"self":[{"href":"https:\/\/staging.ivg.it\/ediapi\/wp\/v2\/posts\/315712","targetHints":{"allow":["GET"]}}],"collection":[{"href":"https:\/\/staging.ivg.it\/ediapi\/wp\/v2\/posts"}],"about":[{"href":"https:\/\/staging.ivg.it\/ediapi\/wp\/v2\/types\/post"}],"author":[{"embeddable":true,"href":"https:\/\/staging.ivg.it\/ediapi\/wp\/v2\/users\/12631"}],"replies":[{"embeddable":true,"href":"https:\/\/staging.ivg.it\/ediapi\/wp\/v2\/comments?post=315712"}],"version-history":[{"count":0,"href":"https:\/\/staging.ivg.it\/ediapi\/wp\/v2\/posts\/315712\/revisions"}],"wp:attachment":[{"href":"https:\/\/staging.ivg.it\/ediapi\/wp\/v2\/media?parent=315712"}],"wp:term":[{"taxonomy":"category","embeddable":true,"href":"https:\/\/staging.ivg.it\/ediapi\/wp\/v2\/categories?post=315712"},{"taxonomy":"post_tag","embeddable":true,"href":"https:\/\/staging.ivg.it\/ediapi\/wp\/v2\/tags?post=315712"}],"curies":[{"name":"wp","href":"https:\/\/api.w.org\/{rel}","templated":true}]}}