{"id":315603,"date":"2016-03-30T15:07:10","date_gmt":"2016-03-30T13:07:10","guid":{"rendered":"http:\/\/www.ivg.it\/?p=315603"},"modified":"2016-03-30T16:44:09","modified_gmt":"2016-03-30T14:44:09","slug":"savona-camera-ardente-sala-rossa-lultimo-saluto-allonorevole-scardaoni","status":"publish","type":"post","link":"https:\/\/staging.ivg.it\/2016\/03\/savona-camera-ardente-sala-rossa-lultimo-saluto-allonorevole-scardaoni\/","title":{"rendered":"Savona, camera ardente in Sala Rossa per l&#8217;ultimo saluto all&#8217;onorevole Scardaoni"},"content":{"rendered":"<p><strong>Savona<\/strong>. Commozione e qualche lacrima oggi nella Sala Rossa del Comune di Savona, dove \u00e8 stata allestita la camera ardente per l\u2019onorevole Umberto Scardaoni, gi\u00e0 segretario Provinciale del PCI, Sindaco di Savona e Senatore della Repubblica, Presidente dell&#8217;ISREC (Istituto Storico della Resistenza e dell&#8217;Et\u00e0 Contemporanea della provincia di Savona), scomparso ieri all\u2019et\u00e0 di 83 anni.<\/p>\n<p>Molti i savonesi, sia esponenti politici che semplici cittadini, accorsi a partire dalle 9 per rendere omaggio all&#8217;ex sindaco. La chiusura della camera ardente alle 15.30, da l\u00ec il viaggio verso il cimitero di Savona.\u00a0Umberto Scardaoni, che da tempo combatteva con una malattia, lascia la moglie Elide e la figlia Sarah.<\/p>\n<p>&#8220;Sono venuti tanti savonesi, molti che erano vicini alle\u00a0idee di Umberto ma anche tanti che avevano altre idee &#8211; spiega il presidente di Anpi Savona, Samuele Rago &#8211; Ci sono stati suoi avversari in consiglio comunale che sono venuti perch\u00e9, bench\u00e9 avversari, erano grandi amici. Umberto era una persona che ascoltava tutti e si confrontava con tutti. Non aveva preclusioni, e portava avanti le sue idee nel rispetto di quelle altrui. E poi ha fatto molto per questa citt\u00e0, sia come sindaco che come parlamentare, e negli ultimi 10 anni come presidente dell\u2019Istituto Storico della Resistenza&#8221;.<\/p>\n<p>Un lutto per la citt\u00e0 che arriva a breve distanza dal prossimo 25 aprile: &#8220;Sar\u00e0 certamente un giorno\u00a0in cui avremo anche un po\u2019 di tristezza perch\u00e9 lui non ci sar\u00e0 &#8211; spiega Rago &#8211; per\u00f2 noi faremo le cose che lui ci ha insegnato a fare. Ad esempio ripeteremo per il quarto anno consecutivo una grande festa sul Priamar, &#8217;25 Aprile rEsiste&#8217;: una festa per la quale lui si \u00e8 speso molto, perch\u00e9 sosteneva appunto che la ricorrenza non andasse vissuta solo come ricordo ma anche come festa vera e propria&#8221;.<\/p>\n<p>&#8220;Durante i suoi anni di presidenza dell\u2019Istituto abbiamo collaborato per mantenere viva la memoria della Resistenza &#8211; ricorda Simone Falco, segretario dell&#8217;ANED &#8211; e collaborato soprattutto con le scuole superiori in diversi progetti, organizzando la manifestazione sul Priamar ogni anno. La sua scomparsa \u00e8 una perdita enorme non solo per la citt\u00e0 ma per quei valori che lui in primis rappresentava&#8221;.<\/p>\n<p>Intanto continuano ad arrivare tantissimi messaggi di cordoglio per la scomparsa dell\u2019onorevole Scardaoni. Dopo quelli di <a href=\"http:\/\/www.ivg.it\/2016\/03\/addio-allonorevole-scardaoni-camera-ardente-sala-rossa\/\" target=\"_blank\">Daniela Pongiglione, Livio Di Tullio e Nino Miceli<\/a>, anche l&#8217;assessore alla Cultura Elisa Di Padova ha ricordato la figura dell&#8217;ex senatore. &#8220;In questi miei 5 anni di mandato aver potuto lavorare con Umberto Scardaoni e stata una delle fortune pi\u00f9 grandi &#8211; scrive &#8211; E aver potuto parlare con lui di Storia, di Politica, di Citt\u00e0, un inestimabile insegnamento. Un grande Uomo ci ha lasciato e mancher\u00e0, accidenti se mancher\u00e0, davvero tanto&#8221;.<\/p>\n<p>&nbsp;<\/p>\n","protected":false},"excerpt":{"rendered":"<p>Savona. Commozione e qualche lacrima oggi nella Sala Rossa del Comune di Savona, dove \u00e8 stata allestita la camera ardente per l\u2019onorevole Umberto Scardaoni, gi\u00e0 segretario Provinciale del PCI, Sindaco di Savona e Senatore della Repubblica, Presidente dell&#8217;ISREC (Istituto Storico della Resistenza e dell&#8217;Et\u00e0 Contemporanea della provincia di Savona), scomparso ieri all\u2019et\u00e0 di 83 anni. [&hellip;]<\/p>\n","protected":false},"author":10593,"featured_media":0,"comment_status":"open","ping_status":"closed","sticky":false,"template":"","format":"standard","meta":{"footnotes":""},"categories":[45296,34,31],"tags":[1220],"class_list":["post-315603","post","type-post","status-publish","format-standard","hentry","category-copertina","category-cronaca","category-politica","tag-lutto","post_cat_citta-savona","post_tag_personaggi-umberto-scardaoni"],"amp_validity":null,"amp_enabled":true,"_links":{"self":[{"href":"https:\/\/staging.ivg.it\/ediapi\/wp\/v2\/posts\/315603","targetHints":{"allow":["GET"]}}],"collection":[{"href":"https:\/\/staging.ivg.it\/ediapi\/wp\/v2\/posts"}],"about":[{"href":"https:\/\/staging.ivg.it\/ediapi\/wp\/v2\/types\/post"}],"author":[{"embeddable":true,"href":"https:\/\/staging.ivg.it\/ediapi\/wp\/v2\/users\/10593"}],"replies":[{"embeddable":true,"href":"https:\/\/staging.ivg.it\/ediapi\/wp\/v2\/comments?post=315603"}],"version-history":[{"count":0,"href":"https:\/\/staging.ivg.it\/ediapi\/wp\/v2\/posts\/315603\/revisions"}],"wp:attachment":[{"href":"https:\/\/staging.ivg.it\/ediapi\/wp\/v2\/media?parent=315603"}],"wp:term":[{"taxonomy":"category","embeddable":true,"href":"https:\/\/staging.ivg.it\/ediapi\/wp\/v2\/categories?post=315603"},{"taxonomy":"post_tag","embeddable":true,"href":"https:\/\/staging.ivg.it\/ediapi\/wp\/v2\/tags?post=315603"}],"curies":[{"name":"wp","href":"https:\/\/api.w.org\/{rel}","templated":true}]}}