{"id":315451,"date":"2016-03-28T15:44:15","date_gmt":"2016-03-28T13:44:15","guid":{"rendered":"http:\/\/www.ivg.it\/?p=315451"},"modified":"2016-03-28T15:44:47","modified_gmt":"2016-03-28T13:44:47","slug":"vado-minoranza-allattacco-maersk-cosa-la-facciamo","status":"publish","type":"post","link":"https:\/\/staging.ivg.it\/2016\/03\/vado-minoranza-allattacco-maersk-cosa-la-facciamo\/","title":{"rendered":"Vado, minoranza all&#8217;attacco su Maersk: &#8220;Cosa la facciamo a fare?&#8221;"},"content":{"rendered":"<p><strong>Vado Ligure<\/strong>. \u201cNon ci sono i soldi per la diga, per il casello, per il trasferimento delle persone, si \u00e8 ridotto il mercato per i contenitori (Voltri, La Spezia e Bettolo si sono adeguate alle grandi navi) e si pensa di spostare ancora nel tempo la conclusione dei lavori. Ma allora cosa la facciamo a fare? Solo per continuare a dare soldi a chi la costruisce? Ricordiamoci che alla gara partecip\u00f2 un solo concorrente, con tutte le perplessit\u00e0 che ci\u00f2 comporta\u201d.<\/p>\n<p>Cos\u00ec \u201cVivere Vado\u201d, gruppo di minoranza consiliare di Vado Ligure, commenta l&#8217;annuncio dell&#8217;Autorit\u00e0 Portuale di Savona di costruire la piattaforma Maersk \u201ctutta su terrapieno anzich\u00e9 su pali perch\u00e9 mancano i soldi per la diga foranea\u201d.<\/p>\n<p>\u201cQuesta notizia deve portare a ridiscutere della stessa fattibilit\u00e0 dell&#8217;iniziativa \u2013 fanno notare i consiglieri di minoranza \u2013 Ci vengono a dire che con il terrapieno l&#8217;acqua circolerebbe meglio ma basta leggere il progetto di variante del 2015 (in corso di attuazione) in cui si era allungato di 50 metri il tratto di terrapieno e si legge che la circolazione dell&#8217;acqua vicino a riva \u00e8 gi\u00e0 impedita dal terrapieno attuale. Ma allora, se il terrapieno si prolunga a 700 metri cosa rester\u00e0 della circolazione dell&#8217;acqua?\u201d<\/p>\n<p>\u201cCi danno un parere tecnico della Technital; ma \u00e8 un&#8217;azienda in conflitto di interessi: fa parte dell&#8217;associazione con Fincosit e Apm. I suoi pareri tecnici non sono credibili e sono contradittori. Non possono pensare che, perch\u00e9 sono tecnici, dobbiamo berci tutte le forzature che ci propinano\u201d.<\/p>\n\n<p>Secondo i consiglieri, \u201cprima di andare avanti ci vuole una approfondita presentazione della variante, un confronto con tecnici veramente terzi e una esplicitazione delle garanzie promesse (occupazione, traffici, qualit\u00e0 dell&#8217;acqua) con adeguate fidejussioni. Ma se i tanti soldi che mancano non ci sono, fermiamoci. Quanto costruito si pu\u00f2 utilizzare benissimo e quello che avanza, pagata un minimo di penale, pu\u00f2 servire per altri investimenti portuali che siano anche utili, fattibili e con creazione di posti di lavoro e senza danneggiare il territorio (ad esempio spedizioni di moduli prefabbricati di grandi dimensioni come quelli che vuole fare la Remacut)\u201d.<br \/>\n\u201cIl sindaco Monica Giuliano dice che vuole pareri tecnici, abdicando al proprio ruolo. Trover\u00e0 anche qualcuno, nella cerchia Pd, pronto a sostenere che il terrapieno \u00e8 meglio di un impalcato, tesi esattamente opposta a quella degli ex sindaci Pd (e dei loro assessori) e dell&#8217;Autorit\u00e0 portuale prima di Miazza, che hanno speso fiumi di parole per convincerci che l&#8217;impalcato rappresentava la prima garanzia di sostenibilit\u00e0 dell&#8217;opera\u201d.<\/p>\n<p>\u201cIl sindaco si deve ricordare che non \u00e8 sindaco per fare gli interessi dell&#8217;impresa che costruisce la piattaforma ma che deve tutelare la collettivit\u00e0 non arretrando rispetto al poco che la collettivit\u00e0 vadese aveva ottenuto per questo mostro. Il sindaco si dovrebbe ricordare che nel suo programma elettorale aveva scritto: &#8216;Senza queste garanzie il progetto Piattaforma non ha le caratteristiche individuate nell&#8217;accordo di programma 2008 e pertanto non potr\u00e0 essere supportato e sostenuto dall&#8217;amministrazione&#8217;. Fermiamoci e vediamo se vale la pena per andare avanti e se abbiamo i soldi per farlo. Se non ci sono fermiamoci e confrontiamoci alla ricerca del meglio per la citt\u00e0\u201d, conclude il gruppo di \u201cVivere Vado\u201d.<\/p>\n","protected":false},"excerpt":{"rendered":"<p>Cos\u00ec \u201cVivere Vado\u201d commenta l&#8217;annuncio dell&#8217;Autorit\u00e0 Portuale di costruire la piattaforma \u201ctutta su terrapieno anzich\u00e9 su pali\u201d<\/p>\n","protected":false},"author":12120,"featured_media":0,"comment_status":"open","ping_status":"closed","sticky":false,"template":"","format":"standard","meta":{"footnotes":""},"categories":[45296,35,31],"tags":[1911,2057],"class_list":["post-315451","post","type-post","status-publish","format-standard","hentry","category-copertina","category-economia","category-politica","tag-piattaforma-maersk","tag-vivere-vado","post_cat_citta-vado-ligure","post_tag_personaggi-gian-luigi-miazza","post_tag_personaggi-monica-giuliano"],"amp_validity":null,"amp_enabled":true,"_links":{"self":[{"href":"https:\/\/staging.ivg.it\/ediapi\/wp\/v2\/posts\/315451","targetHints":{"allow":["GET"]}}],"collection":[{"href":"https:\/\/staging.ivg.it\/ediapi\/wp\/v2\/posts"}],"about":[{"href":"https:\/\/staging.ivg.it\/ediapi\/wp\/v2\/types\/post"}],"author":[{"embeddable":true,"href":"https:\/\/staging.ivg.it\/ediapi\/wp\/v2\/users\/12120"}],"replies":[{"embeddable":true,"href":"https:\/\/staging.ivg.it\/ediapi\/wp\/v2\/comments?post=315451"}],"version-history":[{"count":0,"href":"https:\/\/staging.ivg.it\/ediapi\/wp\/v2\/posts\/315451\/revisions"}],"wp:attachment":[{"href":"https:\/\/staging.ivg.it\/ediapi\/wp\/v2\/media?parent=315451"}],"wp:term":[{"taxonomy":"category","embeddable":true,"href":"https:\/\/staging.ivg.it\/ediapi\/wp\/v2\/categories?post=315451"},{"taxonomy":"post_tag","embeddable":true,"href":"https:\/\/staging.ivg.it\/ediapi\/wp\/v2\/tags?post=315451"}],"curies":[{"name":"wp","href":"https:\/\/api.w.org\/{rel}","templated":true}]}}