{"id":315371,"date":"2016-03-26T12:19:14","date_gmt":"2016-03-26T11:19:14","guid":{"rendered":"http:\/\/www.ivg.it\/?p=315371"},"modified":"2016-03-26T12:19:14","modified_gmt":"2016-03-26T11:19:14","slug":"savona-sbanda-finsice-auto-parcheggiate","status":"publish","type":"post","link":"https:\/\/staging.ivg.it\/2016\/03\/savona-sbanda-finsice-auto-parcheggiate\/","title":{"rendered":"Savona, sbanda e finsice contro sei auto parcheggiate"},"content":{"rendered":"<p><strong>Savona<\/strong>. Volendo usare una metafora sportiva si potrebbe dire che ha fatto &#8220;strike&#8221;. Ad essere colpiti da un&#8217;auto &#8220;impazzita&#8221;, purtroppo, non sono stati per\u00f2 dei birilli, ma sei auto parcheggiate in corso Viglienzoni. L&#8217;incidente stradale, nel quale fortuntamente nessuno si \u00e8 fatto male, \u00e8 avvenuto nella serata di ieri nella citt\u00e0 della Torretta.<\/p>\n<p>Secondo le prime informazioni, un&#8217;automobilista che procedeva in direzione monte ha perso il controllo del mezzo ed ha sbandato lateralmente finendo per colpire sei delle vetture regolarmente parcheggiate &#8220;a pettine&#8221; ai lati della strada. Per i rilievi sono intervenuti gli agenti della polizia municipale che hanno anche identificato l&#8217;uomo che era al volante dell&#8217;auto finita contro le altre.<\/p>\n<p>Visti gli ingenti danni causati nei veicoli parcheggiati (in particolare una Ford Focus, una Skoda Ocatvia, un&#8217;Audi, una Fiat 500 e una Ford Fiesta) che non potevano essere spostati subito dopo lo schianto, i vigili hanno delimitato l&#8217;area con il nastro segnalatico e lasciato un avviso destinato ai proprietari delle auto.<\/p>\n","protected":false},"excerpt":{"rendered":"<p>L&#8217;incidente \u00e8 avvenuto ieri sera in corso Viglienzoni: i rilievi sono stati effettuati dalla polizia municipale<\/p>\n","protected":false},"author":2394,"featured_media":0,"comment_status":"open","ping_status":"closed","sticky":false,"template":"","format":"standard","meta":{"footnotes":""},"categories":[34],"tags":[],"class_list":["post-315371","post","type-post","status-publish","format-standard","hentry","category-cronaca","post_cat_citta-savona"],"amp_validity":null,"amp_enabled":true,"_links":{"self":[{"href":"https:\/\/staging.ivg.it\/ediapi\/wp\/v2\/posts\/315371","targetHints":{"allow":["GET"]}}],"collection":[{"href":"https:\/\/staging.ivg.it\/ediapi\/wp\/v2\/posts"}],"about":[{"href":"https:\/\/staging.ivg.it\/ediapi\/wp\/v2\/types\/post"}],"author":[{"embeddable":true,"href":"https:\/\/staging.ivg.it\/ediapi\/wp\/v2\/users\/2394"}],"replies":[{"embeddable":true,"href":"https:\/\/staging.ivg.it\/ediapi\/wp\/v2\/comments?post=315371"}],"version-history":[{"count":0,"href":"https:\/\/staging.ivg.it\/ediapi\/wp\/v2\/posts\/315371\/revisions"}],"wp:attachment":[{"href":"https:\/\/staging.ivg.it\/ediapi\/wp\/v2\/media?parent=315371"}],"wp:term":[{"taxonomy":"category","embeddable":true,"href":"https:\/\/staging.ivg.it\/ediapi\/wp\/v2\/categories?post=315371"},{"taxonomy":"post_tag","embeddable":true,"href":"https:\/\/staging.ivg.it\/ediapi\/wp\/v2\/tags?post=315371"}],"curies":[{"name":"wp","href":"https:\/\/api.w.org\/{rel}","templated":true}]}}