{"id":315319,"date":"2016-03-25T11:48:26","date_gmt":"2016-03-25T10:48:26","guid":{"rendered":"http:\/\/www.ivg.it\/?p=315319"},"modified":"2016-03-25T11:50:41","modified_gmt":"2016-03-25T10:50:41","slug":"nuoto-otto-savonesi-caccia-medaglie","status":"publish","type":"post","link":"https:\/\/staging.ivg.it\/2016\/03\/nuoto-otto-savonesi-caccia-medaglie\/","title":{"rendered":"Nuoto, otto savonesi a caccia di medaglie"},"content":{"rendered":"<p><strong>Savona<\/strong>. <strong>Dall&#8217;1 al 6 aprile quasi 2.000 atleti in rappresentanza di circa 400 societ\u00e0, per le categorie Ragazzi, Juniores e Cadetti, si sfideranno ai Criteria in vasca da 25 metri nella piscina Comunale di Riccione.<\/strong><\/p>\n<p>La meglio giovent\u00f9 azzurra sar\u00e0 visibile, come lo scorso anno, in streaming video sul sito federale: uno sforzo continuo della Federazione Italiana Nuoto per ampliare l&#8217;offerta mediatica e dare maggiore visibilit\u00e0 alle societ\u00e0 e ai propri atleti, campioni del futuro.<\/p>\n<p>La prima parte sar\u00e0 dedicata alla sezione femminile, in gara dall&#8217;1 al 3 aprile con 910 atlete di 255 societ\u00e0 e 306 staffette; poi spazio ai maschi dal 4 al 6 aprile con 1080 atleti di 279 societ\u00e0 e 291 staffette. <strong>L&#8217;obiettivo per tutti \u00e8 ben figurare in vista dei grandi appuntamenti internazionali a partire dai campionati europei<\/strong> che si svolgeranno a\u00a0H\u00f3dmez\u0151v\u00e1s\u00e1rhely, in Ungheria, dal 6 al 10 luglio.<\/p>\n<p>In virt\u00f9 degli ottimi risultati ottenuti alle recenti finali regionali ecco i magnifici <strong>otto savonesi<\/strong> che che gareggeranno dal 1 al 6 aprile a Riccione per i titoli nazionali: <strong>Francesca Fresia, Andrea Ambra Pescio, Alessia Vanara, Martina Canova, Lucrezia Sole, Andrea Filadelli, Giacomo Farnese e Alessandro Cuttaia.<\/strong><\/p>\n<p>Guardando il programma gare<strong> Francesca Fresia<\/strong> \u00e8 la pi\u00f9 accreditata per l\u2019oro nei 100 rana, 50 farfalla e 400 misti ma \u00e8 tra le favorite anche nei 50 dorso, 200 rana e 200 misti.<\/p>\n<p><strong>Andrea Ambra Pescio<\/strong> (<em>nella foto<\/em>) \u00e8 tra le pi\u00f9 attese e lotter\u00e0 per il podio nei 200 misti e 400 misti. Inoltre l\u2019ex tricolore si far\u00e0 valere anche nei 100 farfalla, 200 e 800 stile libero.<\/p>\n<p><strong>Andrea Filadelli<\/strong>, grande promessa del nuoto ligure, ha le possibilit\u00e0 di emergere e lottare per una medaglia nei 200 e 400 misti, 200, 400 e 1500 stile libero e nei 200 dorso.<\/p>\n<p><strong>Martina Canova<\/strong>, in costante miglioramento, sar\u00e0 tra le protagoniste nei 100 rana e 200 misti. <strong>Alessia Vanara<\/strong>, che sta attraversando un ottimo periodo di forma, si cimenter\u00e0 nei 100 e 200 dorso.<\/p>\n<p>La grande speranza del Doria Nuoto Loano, <strong>Lucrezia Sole<\/strong>, ha iniziato la stagione con ottimi risultati e scender\u00e0 in vasca alla ricerca di buone prestazioni, soprattutto nei 200 misti. Per Lucrezia qualificazione anche nei 100 e 200 dorso e 400 misti.<\/p>\n<p><strong>Alessandro Cuttaia<\/strong>, sotto la guida di Renato Marchelli, si \u00e8 qualificato nei 200 rana e 400 misti, dimostrando di avere margini di miglioramento notevoli.<\/p>\n<p><strong>Giacomo Farnese<\/strong>, ex amatorino, sta bruciando le tappe. E\u2019 salito sul gradino pi\u00f9 alto del podio alle finali regionali nei 1500 stile libero ottenendo meritatamente il pass per questi importanti nazionali di Riccione.<\/p>\n<p>Da questi ragazzi sono attesi risultati di prestigio in entrambi i settori.<\/p>\n","protected":false},"excerpt":{"rendered":"<p>A Riccione i Criteria in vasca da 25 metri<\/p>\n","protected":false},"author":18,"featured_media":0,"comment_status":"open","ping_status":"closed","sticky":false,"template":"","format":"standard","meta":{"footnotes":""},"categories":[45296,42377,32],"tags":[37010,476],"class_list":["post-315319","post","type-post","status-publish","format-standard","hentry","category-copertina","category-altri-sport","category-sport","tag-doria-nuoto-loano","tag-nuoto","post_cat_citta-albenga","post_cat_citta-loano","post_cat_citta-savona","post_tag_personaggi-alessandro-cuttaia","post_tag_personaggi-alessia-vanara","post_tag_personaggi-andrea-ambra-pescio","post_tag_personaggi-andrea-filadelli","post_tag_personaggi-francesca-fresia","post_tag_personaggi-giacomo-farnese","post_tag_personaggi-lucrezia-sole","post_tag_personaggi-martina-canova"],"amp_validity":null,"amp_enabled":true,"_links":{"self":[{"href":"https:\/\/staging.ivg.it\/ediapi\/wp\/v2\/posts\/315319","targetHints":{"allow":["GET"]}}],"collection":[{"href":"https:\/\/staging.ivg.it\/ediapi\/wp\/v2\/posts"}],"about":[{"href":"https:\/\/staging.ivg.it\/ediapi\/wp\/v2\/types\/post"}],"author":[{"embeddable":true,"href":"https:\/\/staging.ivg.it\/ediapi\/wp\/v2\/users\/18"}],"replies":[{"embeddable":true,"href":"https:\/\/staging.ivg.it\/ediapi\/wp\/v2\/comments?post=315319"}],"version-history":[{"count":0,"href":"https:\/\/staging.ivg.it\/ediapi\/wp\/v2\/posts\/315319\/revisions"}],"wp:attachment":[{"href":"https:\/\/staging.ivg.it\/ediapi\/wp\/v2\/media?parent=315319"}],"wp:term":[{"taxonomy":"category","embeddable":true,"href":"https:\/\/staging.ivg.it\/ediapi\/wp\/v2\/categories?post=315319"},{"taxonomy":"post_tag","embeddable":true,"href":"https:\/\/staging.ivg.it\/ediapi\/wp\/v2\/tags?post=315319"}],"curies":[{"name":"wp","href":"https:\/\/api.w.org\/{rel}","templated":true}]}}