{"id":315090,"date":"2016-03-22T16:49:22","date_gmt":"2016-03-22T15:49:22","guid":{"rendered":"http:\/\/www.ivg.it\/?p=315090"},"modified":"2016-03-22T16:49:22","modified_gmt":"2016-03-22T15:49:22","slug":"licenziamenti-maersk-le-accuse-di-m5s-e-rete-a-sinistra-inaccettabili-a-savona-assumono","status":"publish","type":"post","link":"https:\/\/staging.ivg.it\/2016\/03\/licenziamenti-maersk-le-accuse-di-m5s-e-rete-a-sinistra-inaccettabili-a-savona-assumono\/","title":{"rendered":"Licenziamenti Maersk, le accuse di M5S e Rete a Sinistra: &#8220;Inaccettabili, a Vado assumono&#8230;&#8221;"},"content":{"rendered":"<p><strong>Liguria.<\/strong> &#8220;Inaccettabile e priva di senso la procedura di esubero nei confronti dei lavoratori genovesi Maersk, quando a Savona, ad appena 50 chilometri da l\u00ec, lo stesso gruppo, che controlla anche APM, secondo le previsioni si prepara ad assumere centinaia di persone&#8221;. Lo dicono i portavoce regionali del MoVimento 5 Stelle Liguria, Alice Salvatore e Andrea Melis, a margine della riunione di capigruppo sulle sorti di 10 dipendenti della multinazionale danese del trasporto marittimo.<\/p>\n<p>&#8220;L&#8217;azienda, intesa nella sua globalit\u00e0 come holding \u2013 ricorda il portavoce M5S Andrea Melis \u2013 di fatto beneficia di contributi pubblici per la realizzazione di una nuova piattaforma e, pertanto, \u00e8 in debito verso le istituzioni, con le quali \u00e8 tenuta a trattare. Non accettiamo nuovi atti di forza e atteggiamenti coloniali, come \u00e8 avvenuto nel recente caso Kavo&#8221;.<\/p>\n<p>Sulla stessa linea la portavoce pentastellata Alice Salvatore, che punta l&#8217;obiettivo sulla sede genovese, dove si \u00e8 passato in breve tempo da 500 dipendenti agli attuali 167. E ora i vertici puntano a ridurre il personale di altre 10 unit\u00e0, oltre a 6 gi\u00e0 fuoriuscite. &#8220;Il paradosso \u00e8 che stanno esternalizzando il lavoro in ditte terze in Italia \u2013 osserva Salvatore \u2013 con un gioco di scatole cinesi che punta alla riduzione del personale e non alla riduzione dei costi. E, pur di mantenere sulla carta in equilibrio il rapporto tra contenitori fatti e numero di persone impiegate, si arriva a trattare i dipendenti come pura merce di scambio&#8221;.<\/p>\n<p>Posizione critica anche quella di Gianni Pastorino, di Rete a Sinistra. &#8220;Una multinazionale, finanziata anche con soldi pubblici, che a Savona promette un centinaio di nuove assunzioni, e nel frattempo, a Genova, prosegue con licenziamenti ed esternalizzazioni: \u00e8 il paradosso Maersk. Mentre proseguono a gran velocit\u00e0 i lavori per la piattaforma di Vado Ligure (e si stimano volumi d\u2019affari moltiplicati nel mediterraneo), la societ\u00e0 di shipping impone nuovi tagli al personale nella sede genovese: un\u2019emorragia che dal 2009 ad oggi ha visto ridurre i posti di lavoro da 500 a 167. Ancora a fine 2015 ci sono stati 20 esodi incentivati; e adesso la decisione insensata: altre 16 unit\u00e0 dovranno restare a casa&#8221;.<\/p>\n<p>&#8220;Il comportamento tenuto da Maersk dimostra ancora una volta, se ce ne fosse bisogno, che in questo Paese le multinazionali fanno quello che vogliono &#8211; accusa Pastorino &#8211; manca una normativa nazionale che ci tuteli da queste prevaricazioni. \u00c8 la dimostrazione evidente che in Italia non c\u2019era bisogno di un Jobs Act che limita i diritti nel mondo del lavoro, ma piuttosto di una normativa che eviti situazioni come quelle di Maerks o (in passato) di Ericsson, o quella di Kavo Promedi di Nervi, una ferita ancora aperta . Stavolta siamo a un altro livello, perch\u00e9 Maersk \u00e8 in debito non solo con la Liguria, che ha concesso le aree per la sua espansione, ma anche con lo Stato italiano, che ha cospicuamente foraggiato con denaro pubblico i suoi grandiosi investimenti. Non ci sono scuse: il sanguinoso stillicidio dei licenziamenti deve cessare subito; e in questo caso la Regione pu\u00f2 e deve intervenire direttamente&#8221;.<\/p>\n<p>&#8220;La Maersk beneficia di finanziamenti pubblici e matura proventi in Liguria &#8211; tuona il consigliere &#8211; ci si aspetta che abbia riguardo per la forza-lavoro locale. E invece no; la multinazionale non vuole sentire ragioni, almeno per ora, chiude le porte in faccia alla trattativa e non \u00e8 neppure disposta ad attivare gli ammortizzatori sociali. Non basta pi\u00f9 la moral suasion: le aziende devono essere vincolate sul piano politico al mantenimento del livello occupazionale. Indegno che una multinazionale con migliaia di dipendenti nel mondo non riesca a ricollocare al suo interno 16 lavoratori&#8221;.<\/p>\n<p>&#8220;La soluzione c\u2019\u00e8 &#8211; conclude Pastorino &#8211; in attesa che la piattaforma di Vado diventi operativa, o questa societ\u00e0 tiene questi lavoratori in carico oppure attiva gli ammortizzatori sociali, quali cassa integrazione o contratti di solidariet\u00e0 di tipo A&#8221;.<\/p>\n<p>Al termine dell\u2019incontro decisa la presentazione di un ordine del giorno, in approvazione nel prossimo consiglio regionale del 29 marzo, e la convocazione urgente dei vertici Maersk da parte dell\u2019assessore Berrino; l\u2019incontro con l\u2019azienda dovr\u00e0 avvenire entro la prossima settimana.<\/p>\n","protected":false},"excerpt":{"rendered":"<p>Liguria. &#8220;Inaccettabile e priva di senso la procedura di esubero nei confronti dei lavoratori genovesi Maersk, quando a Savona, ad appena 50 chilometri da l\u00ec, lo stesso gruppo, che controlla anche APM, secondo le previsioni si prepara ad assumere centinaia di persone&#8221;. Lo dicono i portavoce regionali del MoVimento 5 Stelle Liguria, Alice Salvatore e [&hellip;]<\/p>\n","protected":false},"author":10593,"featured_media":0,"comment_status":"open","ping_status":"closed","sticky":false,"template":"","format":"standard","meta":{"footnotes":""},"categories":[35,31],"tags":[759,29875,1911,62816],"class_list":["post-315090","post","type-post","status-publish","format-standard","hentry","category-economia","category-politica","tag-maersk","tag-movimento-5-stelle","tag-piattaforma-maersk","tag-rete-a-sinistra","post_cat_citta-vado-ligure","post_tag_personaggi-alice-salvatore","post_tag_personaggi-andrea-melis","post_tag_personaggi-gianni-pastorino"],"amp_validity":null,"amp_enabled":true,"_links":{"self":[{"href":"https:\/\/staging.ivg.it\/ediapi\/wp\/v2\/posts\/315090","targetHints":{"allow":["GET"]}}],"collection":[{"href":"https:\/\/staging.ivg.it\/ediapi\/wp\/v2\/posts"}],"about":[{"href":"https:\/\/staging.ivg.it\/ediapi\/wp\/v2\/types\/post"}],"author":[{"embeddable":true,"href":"https:\/\/staging.ivg.it\/ediapi\/wp\/v2\/users\/10593"}],"replies":[{"embeddable":true,"href":"https:\/\/staging.ivg.it\/ediapi\/wp\/v2\/comments?post=315090"}],"version-history":[{"count":0,"href":"https:\/\/staging.ivg.it\/ediapi\/wp\/v2\/posts\/315090\/revisions"}],"wp:attachment":[{"href":"https:\/\/staging.ivg.it\/ediapi\/wp\/v2\/media?parent=315090"}],"wp:term":[{"taxonomy":"category","embeddable":true,"href":"https:\/\/staging.ivg.it\/ediapi\/wp\/v2\/categories?post=315090"},{"taxonomy":"post_tag","embeddable":true,"href":"https:\/\/staging.ivg.it\/ediapi\/wp\/v2\/tags?post=315090"}],"curies":[{"name":"wp","href":"https:\/\/api.w.org\/{rel}","templated":true}]}}