{"id":314512,"date":"2016-03-15T11:34:03","date_gmt":"2016-03-15T10:34:03","guid":{"rendered":"http:\/\/www.ivg.it\/?p=314512"},"modified":"2016-03-15T12:11:40","modified_gmt":"2016-03-15T11:11:40","slug":"sciopero-dei-sindacati-di-base-possibili-disagi-ai-treni-bus-regolari","status":"publish","type":"post","link":"https:\/\/staging.ivg.it\/2016\/03\/sciopero-dei-sindacati-di-base-possibili-disagi-ai-treni-bus-regolari\/","title":{"rendered":"Sciopero dei sindacati di base: possibili disagi ai treni, bus regolari"},"content":{"rendered":"<p><strong>Liguria.<\/strong> Si preannunciano possibili disagi anche in Liguria e nel savonese sul fronte dei trasporti per la giornata di venerd\u00ec 18 marzo per lo sciopero proclamato dalle organizzazioni sindacali di categoria Cub e Cobas e che provocheranno stop ai servizi e difficolt\u00e0 per l\u2019utenza.<\/p>\n<p>Sul fronte del trasporto ferroviario lo sciopero scatter\u00e0 dalle 21 di gioved\u00ec 17 marzo fino alle 21 di venerd\u00ec 18 marzo. L&#8217;astensione dal lavoro dei sindacati di base \u00e8 stata proclamata nel rispetto della disciplina dei servizi pubblici essenziali. <\/p>\n<p>Sul fronte del trasporto pubblico locale nel savonese, invece, non ci dovrebbero essere ripercussioni a seguito della protesta delle sigle sindacali. Nelle citt\u00e0 saranno garantite le fasce dalle 6 alle 9 e dalle 17 alle 20.<\/p>\n","protected":false},"excerpt":{"rendered":"<p>Liguria. Si preannunciano possibili disagi anche in Liguria e nel savonese sul fronte dei trasporti per la giornata di venerd\u00ec 18 marzo per lo sciopero proclamato dalle organizzazioni sindacali di categoria Cub e Cobas e che provocheranno stop ai servizi e difficolt\u00e0 per l\u2019utenza. Sul fronte del trasporto ferroviario lo sciopero scatter\u00e0 dalle 21 di [&hellip;]<\/p>\n","protected":false},"author":4,"featured_media":0,"comment_status":"open","ping_status":"closed","sticky":false,"template":"","format":"standard","meta":{"footnotes":""},"categories":[34],"tags":[9578,2152,24399],"class_list":["post-314512","post","type-post","status-publish","format-standard","hentry","category-cronaca","tag-cub-trasporti","tag-sciopero","tag-sciopero-trasporti","post_cat_citta-andora"],"amp_validity":null,"amp_enabled":true,"_links":{"self":[{"href":"https:\/\/staging.ivg.it\/ediapi\/wp\/v2\/posts\/314512","targetHints":{"allow":["GET"]}}],"collection":[{"href":"https:\/\/staging.ivg.it\/ediapi\/wp\/v2\/posts"}],"about":[{"href":"https:\/\/staging.ivg.it\/ediapi\/wp\/v2\/types\/post"}],"author":[{"embeddable":true,"href":"https:\/\/staging.ivg.it\/ediapi\/wp\/v2\/users\/4"}],"replies":[{"embeddable":true,"href":"https:\/\/staging.ivg.it\/ediapi\/wp\/v2\/comments?post=314512"}],"version-history":[{"count":0,"href":"https:\/\/staging.ivg.it\/ediapi\/wp\/v2\/posts\/314512\/revisions"}],"wp:attachment":[{"href":"https:\/\/staging.ivg.it\/ediapi\/wp\/v2\/media?parent=314512"}],"wp:term":[{"taxonomy":"category","embeddable":true,"href":"https:\/\/staging.ivg.it\/ediapi\/wp\/v2\/categories?post=314512"},{"taxonomy":"post_tag","embeddable":true,"href":"https:\/\/staging.ivg.it\/ediapi\/wp\/v2\/tags?post=314512"}],"curies":[{"name":"wp","href":"https:\/\/api.w.org\/{rel}","templated":true}]}}