{"id":313283,"date":"2016-02-26T14:05:14","date_gmt":"2016-02-26T13:05:14","guid":{"rendered":"http:\/\/www.ivg.it\/?p=313283"},"modified":"2016-02-26T17:34:54","modified_gmt":"2016-02-26T16:34:54","slug":"ammanchi-alla-caritas-ascoltato-in-procura-il-vescovo-di-albenga-mario-oliveri","status":"publish","type":"post","link":"https:\/\/staging.ivg.it\/2016\/02\/ammanchi-alla-caritas-ascoltato-in-procura-il-vescovo-di-albenga-mario-oliveri\/","title":{"rendered":"Ammanchi alla Caritas, ascoltato in Procura il vescovo di Albenga Mario Oliveri"},"content":{"rendered":"<p><strong>Savona<\/strong>. <strong>Il vescovo della Diocesi di Albenga Mario Oliveri \u00e8 stato ascoltato dalle 11 fino a dopo l&#8217;ora di pranzo \u00a0nell&#8217;ambito dell&#8217;inchiesta sugli\u00a0ammanchi nelle casse della diocesi di Albenga-Imperia condotta dalla guardia di finanza.<\/strong> Si \u00e8 presentato da solo nell&#8217;ufficio del pm Chiara Venturi al sesto piano di palazzo di giustizia. Ad attenderlo c&#8217;era anche il comandante delle fiamme gialle Cristiano Cocola.<\/p>\n<p>Per quasi due ore il presule ha raccontato quasi dieci anni di gestione delle casse della Diocesi e della Caritas albenganese. <strong>Nulla di pi\u00f9 \u00e8 trapelato dal colloquio anche perch\u00e9 comunque \u00e8 bene ricordare che il vescovo \u00e8 stato ascoltato come persona informata sui fatti.<\/strong><\/p>\n<p><strong>Nelle settimane scorse la guardia di finanza aveva compiuto perquisizioni in Liguria e in Piemonte e in particolare negli uffici della Caritas Diocesana di Albenga,<\/strong> in associazioni collegate e nelle abitazioni di indagati. In particolare, nell\u2019hinterland torinese, erano \u00a0state compiute perquisizioni in associazioni che si occupano di adozioni a distanza.<\/p>\n<p><strong>Sia l&#8217;interrogatorio che l&#8217;attivit\u00e0 di indagine rientra nell&#8217;inchiesta sulla Caritas di Albenga che coinvolge il direttore pro-tempore don Renato Rosso e l\u2019ex vice-parroco di Ceriale don Carmelo Licciardello.<\/strong> Dalle indagini sarebbe emersa l\u2019esistenza di un sistema illecito attraverso il quale un milione e 200 mila euro sarebbe stato sottratto dai fondi della diocesi, soldi destinati a iniziative benefiche, tra cui cospicue somme raccolte per le adozioni a distanza nonch\u00e9 contributi erogati da Enti pubblici per la realizzazione di progetti sociali.<\/p>\n<p><strong>A don Licciardello, la Guardia di finanza ha anche notificato l\u2019avviso di conclusione indagini, emesso dalla Procura di Savona, per circonvenzione d\u2019incapace e appropriazione indebita.<\/strong> Secondo l\u2019accusa, il sacerdote, avrebbe approfittato di una donna anziana in stato di infermit\u00e0 o deficienza psichica a compiere lasciti che hanno portato profitto al sacerdote e un danno patrimoniale alla donna. <strong>Per questi fatti le Fiamme Gialle avevano proceduto, nel settembre 2015, al sequestro preventivo di alcune polizze assicurative per un importo complessivo di circa 70.000 euro.<\/strong><\/p>\n","protected":false},"excerpt":{"rendered":"<p>Il presule davanti al pm Chiara Venturi e al comandante della guardia di finanza della tenenza di Albenga<\/p>\n","protected":false},"author":12291,"featured_media":0,"comment_status":"open","ping_status":"closed","sticky":false,"template":"","format":"standard","meta":{"footnotes":""},"categories":[45296,34],"tags":[14518,67062,70995],"class_list":["post-313283","post","type-post","status-publish","format-standard","hentry","category-copertina","category-cronaca","tag-caritas-diocesana","tag-diocesi-di-albenga-e-imperia","tag-procura-della-repubblica-di-savona","post_cat_citta-albenga","post_cat_citta-savona","post_tag_personaggi-chiara-venturi-2","post_tag_personaggi-cristiano-cocola","post_tag_personaggi-vescovo-mario-oliveri"],"amp_validity":null,"amp_enabled":true,"_links":{"self":[{"href":"https:\/\/staging.ivg.it\/ediapi\/wp\/v2\/posts\/313283","targetHints":{"allow":["GET"]}}],"collection":[{"href":"https:\/\/staging.ivg.it\/ediapi\/wp\/v2\/posts"}],"about":[{"href":"https:\/\/staging.ivg.it\/ediapi\/wp\/v2\/types\/post"}],"author":[{"embeddable":true,"href":"https:\/\/staging.ivg.it\/ediapi\/wp\/v2\/users\/12291"}],"replies":[{"embeddable":true,"href":"https:\/\/staging.ivg.it\/ediapi\/wp\/v2\/comments?post=313283"}],"version-history":[{"count":0,"href":"https:\/\/staging.ivg.it\/ediapi\/wp\/v2\/posts\/313283\/revisions"}],"wp:attachment":[{"href":"https:\/\/staging.ivg.it\/ediapi\/wp\/v2\/media?parent=313283"}],"wp:term":[{"taxonomy":"category","embeddable":true,"href":"https:\/\/staging.ivg.it\/ediapi\/wp\/v2\/categories?post=313283"},{"taxonomy":"post_tag","embeddable":true,"href":"https:\/\/staging.ivg.it\/ediapi\/wp\/v2\/tags?post=313283"}],"curies":[{"name":"wp","href":"https:\/\/api.w.org\/{rel}","templated":true}]}}