{"id":313136,"date":"2016-02-24T15:58:59","date_gmt":"2016-02-24T14:58:59","guid":{"rendered":"http:\/\/www.ivg.it\/?p=313136"},"modified":"2016-02-24T16:47:22","modified_gmt":"2016-02-24T15:47:22","slug":"scontro-frontale-tra-vado-e-bergeggi-non-ce-lha-fatta-mauro-gaiola","status":"publish","type":"post","link":"https:\/\/staging.ivg.it\/2016\/02\/scontro-frontale-tra-vado-e-bergeggi-non-ce-lha-fatta-mauro-gaiola\/","title":{"rendered":"Scontro frontale tra Vado e Bergeggi: non ce l&#8217;ha fatta Mauro Gaiola"},"content":{"rendered":"<p><strong>Borgio V<\/strong>. <strong>Non ce l&#8217;ha fatta Mauro Gaiola, il 50enne di Borgio Verezzi<\/strong> che mercoled\u00ec scorso, mentre era in sella alla sua moto, era\u00a0rimasto coinvolto in un gravissimo incidente lungo l&#8217;Aurelia Bis a Bergeggi.\u00a0Gaiola, le cui condizioni erano apparse disperate fin da subito, <strong>\u00e8 deceduto questa mattina<\/strong> dopo una settimana trascorsa all&#8217;ospedale Santa Corona di Pietra Ligure. <strong>Sono gi\u00e0 state attivate le procedure per l&#8217;espianto degli organi<\/strong>.<\/p>\n<p>L&#8217;incidente era avvenuto poco prima delle 7 del mattino\u00a0all&#8217;uscita della galleria che si trova nel tratto terminale della SS1, all&#8217;altezza della curva che poi si immette sull&#8217;arteria Vado-Bergeggi.\u00a0Secondo quanto ricostruito, <strong>il conducente di un furgone Fiat Scudo<\/strong>, il 65enne G.U., <strong>aveva\u00a0perso il controllo del mezzo<\/strong> sbandando\u00a0verso sinistra: cos\u00ec facendo era\u00a0<strong>andato a impattare contro\u00a0la moto di Mauro Gaiola<\/strong>, che proveniva dalla direzione opposta.<\/p>\n<p>La <strong>moto era seguita a breve distanza da una Renaul<\/strong>t: purtroppo il suo conducente, B.M di 48 anni, non aveva\u00a0fatto in tempo a frenare e cos\u00ec a sua volta era\u00a0andato a sbattere contro la motocicletta.<strong> Gaiola, quindi, era\u00a0rimasto letteralmente &#8220;preso&#8221; tra il furgone e l&#8217;auto<\/strong>.<\/p>\n<p>Sul posto erano\u00a0intervenute l&#8217;automedica del 118 e due ambulanze della croce rossa\u00a0di Savona e della croce bianca\u00a0di Spotorno insieme coi vigili del fuoco di Savona: <strong>Gaiola era stato immediatamente portato in codice rosso presso io nosocomio\u00a0pietrese<\/strong>, dove era\u00a0stato stabilizzato e trattato dal punto di vista ortopedico. Il quadro, per\u00f2, era apparso fin da subito molto complesso: <strong>questa mattina il decesso del 48enne di Borgio Verezzi <\/strong>che lavorava come educatore presso la cooperativa &#8220;Il Gabbiano&#8221;<strong>.<\/strong><\/p>\n<p>La notizia del decesso clinico di Mauro Gaiola ha gi\u00e0 fatto il giro sulla rete e sui social e <strong>numerosi sono i messaggi scritti sul suo profilo Facebook<\/strong>: &#8220;Sei sempre stato disponibile con tutti <strong>mi mancherai<\/strong>&#8220;, &#8220;&#8230;Mi ricorder\u00f2&#8217; spesso di essere come te perch\u00e9&#8217; \u00e8 l&#8217;unica cosa che posso fare per tenerti vivo\u00a0da ora in poi&#8230;Ti voglio bene e grazie di tutto!&#8221;.<\/p>\n<p>&#8220;Sei l&#8217;esempio di una <strong>grande persona e di un grande collega!<\/strong> Grazie di tutto&#8230;&#8221;. &#8220;Ti sei sempre preso cura di ognuno di noi&#8230;non so cosa ci sia ma sono sicura che sar\u00e0 un posto bellissimo&#8230;ci sei tu non potrebbe essere altrimenti buon viaggio.\u00a0<strong>Un abbraccio forte alla tua famiglia<\/strong>&#8220;.<\/p>\n<p>&#8220;<strong>Resterai per sempre nel mio cuore<\/strong>&#8230;ora vola alto&#8230;dolce angelo&#8230;&#8221;. &#8220;Voglio ricordarti come eri voglio ricordarti che ancora mi ascolti e come allora sorridi&#8230;..<strong>buon volo amico mio<\/strong>&#8220;.<\/p>\n","protected":false},"excerpt":{"rendered":"<p>Il cinquantenne \u00e8 morto dopo una settimana di ricovero al Santa Corona. Su Facebook i primi messaggi di cordoglio<\/p>\n","protected":false},"author":10593,"featured_media":0,"comment_status":"open","ping_status":"closed","sticky":false,"template":"","format":"standard","meta":{"footnotes":""},"categories":[45296,34],"tags":[69714,4981,53744,66176,52171,46816,63557],"class_list":["post-313136","post","type-post","status-publish","format-standard","hentry","category-copertina","category-cronaca","tag-automedica-118","tag-croce-bianca-spotorno","tag-croce-rossa-savona","tag-ospedale-san-paolo-savona","tag-polizia-stradale-finale","tag-polizia-stradale-savona","tag-vigili-del-fuoco-savona","post_cat_citta-bergeggi","post_cat_citta-borgio-verezzi","post_cat_citta-vado-ligure","post_tag_personaggi-mauro-gaiola"],"amp_validity":null,"amp_enabled":true,"_links":{"self":[{"href":"https:\/\/staging.ivg.it\/ediapi\/wp\/v2\/posts\/313136","targetHints":{"allow":["GET"]}}],"collection":[{"href":"https:\/\/staging.ivg.it\/ediapi\/wp\/v2\/posts"}],"about":[{"href":"https:\/\/staging.ivg.it\/ediapi\/wp\/v2\/types\/post"}],"author":[{"embeddable":true,"href":"https:\/\/staging.ivg.it\/ediapi\/wp\/v2\/users\/10593"}],"replies":[{"embeddable":true,"href":"https:\/\/staging.ivg.it\/ediapi\/wp\/v2\/comments?post=313136"}],"version-history":[{"count":0,"href":"https:\/\/staging.ivg.it\/ediapi\/wp\/v2\/posts\/313136\/revisions"}],"wp:attachment":[{"href":"https:\/\/staging.ivg.it\/ediapi\/wp\/v2\/media?parent=313136"}],"wp:term":[{"taxonomy":"category","embeddable":true,"href":"https:\/\/staging.ivg.it\/ediapi\/wp\/v2\/categories?post=313136"},{"taxonomy":"post_tag","embeddable":true,"href":"https:\/\/staging.ivg.it\/ediapi\/wp\/v2\/tags?post=313136"}],"curies":[{"name":"wp","href":"https:\/\/api.w.org\/{rel}","templated":true}]}}