{"id":312306,"date":"2016-02-12T10:58:58","date_gmt":"2016-02-12T09:58:58","guid":{"rendered":"http:\/\/www.ivg.it\/?p=312306"},"modified":"2016-02-12T10:58:58","modified_gmt":"2016-02-12T09:58:58","slug":"scienzasavona-nuovo-appuntamento-alle-officine-solimano","status":"publish","type":"post","link":"https:\/\/staging.ivg.it\/2016\/02\/scienzasavona-nuovo-appuntamento-alle-officine-solimano\/","title":{"rendered":"&#8220;ScienzAsavona&#8221;, nuovo appuntamento alle Officine Solimano"},"content":{"rendered":"<p><strong>Savona<\/strong>. Il 16 febbraio, alle ore 17,30, presso le Officine Solimano si terr\u00e0 il secondo incontro della rassegna di divulgazione scientifica &#8220;ScienzAsavona&#8221; promossa dal Liceo Scientifico &#8220;Orazio Grassi&#8221; di Savona, in collaborazione con l&#8217;Associazione Amici del Festival della Scienza (di cui il Liceo fa parte) e con l&#8217;Assessorato alla Cultura del Comune di Savona.<\/p>\n<p>Il ciclo di incontri di ScienzAsavona \u00e8 dedicato quest&#8217;anno alla Storia del Pensiero Scientifico ed \u00e8 caratterizzato dall&#8217;approccio divulgativo adatto non solo agli studenti, ma anche ad un pubblico di &#8220;non addetti ai lavori&#8221;, secondo la filosofia che ispira il Festival della Scienza, la manifestazione di divulgazione scientifica promossa ogni anno a fine ottobre a Genova.<\/p>\n<p>&#8220;Anche in questa occasione l&#8217;Assessorato alla Cultura mette a disposizione le Officine Solimano, il contenitore culturale della Citt\u00e0 di Savona e, in particolare, delle scuole e di un&#8217;associazione legata ad un evento a valenza nazionale come il Festival della Scienza e lo fa allo scopo di permettere lo svolgimento di un&#8217;importante rassegna mirata alla divulgazione scientifica&#8221; spiega l&#8217;Assessore alla Cultura e alle Politiche Giovanili Elisa Di Padova che aggiunge: &#8220;Un&#8217;importante occasione di incontro, dunque, e riflessione su queste tematiche, nato dalla collaborazione con il Liceo Scientifico Grassi, da sempre promotore di momenti di approfondimento e studio rivolti a tutti i cittadini, non solo ai suoi allievi&#8221;.<\/p>\n<p>L&#8217;intervento del 16 febbraio &#8220;Da Aristotele al computer, breve storia della logica&#8221; \u00e8 affidato a Giuseppe Rosolini, Docente di Logica presso l&#8217;Universit\u00e0 di Genova, ha conseguito il titolo di D.Phil. in Mathematics presso l&#8217;Universit\u00e0 di Oxford. E&#8217; un ricercatore di rinomanza internazionale in logica matematica e in teoria delle categorie e vanta collaborazioni con molti ricercatori di importanti universit\u00e0 italiane e straniere. E&#8217; membro ordinario dell&#8217;Accademia Virgiliana, membro della Commissione UMI per le Olimpiadi della Matematica e vicepresidente dell&#8217;Associazione Italiana di Logica e Applicazioni. Negli ultimi anni ha progettato e coordinato vari eventi culturali per la divulgazione matematica ed \u00e8 inoltre ideatore e organizzatore delle gare di matematica a squadre. Autore di numerose pubblicazioni scientifiche, ha anche scritto un libro con Roberto Lucchetti, &#8220;Matematica al bar&#8221;, per i tipi di Franco Angeli.<\/p>\n","protected":false},"excerpt":{"rendered":"<p>L&#8217;iniziativa \u00e8promossa dal Liceo Scientifico &#8220;Orazio Grassi&#8221; in collaborazione con l&#8217;Associazione Amici del Festival della Scienza e il Comune<\/p>\n","protected":false},"author":2394,"featured_media":0,"comment_status":"open","ping_status":"closed","sticky":false,"template":"","format":"standard","meta":{"footnotes":""},"categories":[56],"tags":[81210],"class_list":["post-312306","post","type-post","status-publish","format-standard","hentry","category-altre","tag-scienzasavona","post_cat_citta-savona"],"amp_validity":null,"amp_enabled":true,"_links":{"self":[{"href":"https:\/\/staging.ivg.it\/ediapi\/wp\/v2\/posts\/312306","targetHints":{"allow":["GET"]}}],"collection":[{"href":"https:\/\/staging.ivg.it\/ediapi\/wp\/v2\/posts"}],"about":[{"href":"https:\/\/staging.ivg.it\/ediapi\/wp\/v2\/types\/post"}],"author":[{"embeddable":true,"href":"https:\/\/staging.ivg.it\/ediapi\/wp\/v2\/users\/2394"}],"replies":[{"embeddable":true,"href":"https:\/\/staging.ivg.it\/ediapi\/wp\/v2\/comments?post=312306"}],"version-history":[{"count":0,"href":"https:\/\/staging.ivg.it\/ediapi\/wp\/v2\/posts\/312306\/revisions"}],"wp:attachment":[{"href":"https:\/\/staging.ivg.it\/ediapi\/wp\/v2\/media?parent=312306"}],"wp:term":[{"taxonomy":"category","embeddable":true,"href":"https:\/\/staging.ivg.it\/ediapi\/wp\/v2\/categories?post=312306"},{"taxonomy":"post_tag","embeddable":true,"href":"https:\/\/staging.ivg.it\/ediapi\/wp\/v2\/tags?post=312306"}],"curies":[{"name":"wp","href":"https:\/\/api.w.org\/{rel}","templated":true}]}}