{"id":312189,"date":"2016-02-10T15:52:31","date_gmt":"2016-02-10T14:52:31","guid":{"rendered":"http:\/\/www.ivg.it\/?p=312189"},"modified":"2016-02-10T15:55:10","modified_gmt":"2016-02-10T14:55:10","slug":"cambia-data-la-proiezione-del-film-vita-di-m-iliti-della-croce-bianca-di-dego","status":"publish","type":"post","link":"https:\/\/staging.ivg.it\/2016\/02\/cambia-data-la-proiezione-del-film-vita-di-m-iliti-della-croce-bianca-di-dego\/","title":{"rendered":"Cambia data la proiezione del film &#8220;Vita di M&#8230;iliti&#8221; della Croce Bianca di Dego"},"content":{"rendered":"<p><strong>Dego<\/strong>.\u00a0<strong>Un progetto che ricorda la commedia dell\u2019arte del &#8216;500 italiano e francese data la mancanza di un copione definito<\/strong>, sostituito da un canovaccio che riporta l\u2019argomento e la descrizione delle scene del\u00a0<strong>film &#8220;Vita Di M&#8230;iliti&#8221;.<\/strong><\/p>\n<p>Per motivi logistici la proiezione del film che inizialmente era stata programmata a Palazzo Citt\u00e0 di Cairo Montenotte per venerd\u00ec 19 febbraio \u00e8 stata rimandata a marted\u00ec 23 febbraio. Resta confermato invece \u00a0l&#8217;appuntamento con &#8220;la prima&#8221; di\u00a0gioved\u00ec 18 febbraio alle ore 20.30 presso il Teatro Parrocchiale di Dego e quella del 25 febbraio sempre nel paese valbormidese.<\/p>\n<p>In questo film i militi della Croce Bianca di Dego si sono lasciati andare all\u2019improvvisazione, indossando \u201cle maschere\u201d dei volontari della stessa pubblica assistenza\u00a0attraverso imitazioni e parodie.\u00a0<strong>Ne \u00e8 uscito uno spaccato divertente e inedito che ora potr\u00e0 essere condiviso gioved\u00ec 18 febbraio al teatro parrocchiale del paese per la &#8220;prima&#8221; proiezione.<\/strong><\/p>\n<p>La storia inizia\u00a0dalla chiamata al presidente e dal conseguente arrivo nella sede di Dego di un ispettore sanitario, interpretato da Simone Ferrero, e si evolve attraverso intrighi e tranelli. Il direttivo, infatti, viene avvertito e organizza piani diabolici per incastrare l\u2019ispettore al fine di evitare una possibile chiusura della Croce Bianca.\u00a0<strong>Una comicit\u00e0 dunque pura e genuina, ma anche autoironica che mostra sul grande schermo le personalit\u00e0 dei membri dell\u2019associazione.\u00a0<\/strong><\/p>\n<p>&nbsp;<\/p>\n","protected":false},"excerpt":{"rendered":"<p>Comicit\u00e0 pura e genuina, ma anche autoironica che mostra sul grande schermo le personalit\u00e0 dei membri dell\u2019associazione<\/p>\n","protected":false},"author":12291,"featured_media":0,"comment_status":"open","ping_status":"closed","sticky":false,"template":"","format":"standard","meta":{"footnotes":""},"categories":[56],"tags":[76330],"class_list":["post-312189","post","type-post","status-publish","format-standard","hentry","category-altre","tag-croce-bianca-dego","post_cat_citta-cairo-montenotte","post_cat_citta-dego"],"amp_validity":null,"amp_enabled":true,"_links":{"self":[{"href":"https:\/\/staging.ivg.it\/ediapi\/wp\/v2\/posts\/312189","targetHints":{"allow":["GET"]}}],"collection":[{"href":"https:\/\/staging.ivg.it\/ediapi\/wp\/v2\/posts"}],"about":[{"href":"https:\/\/staging.ivg.it\/ediapi\/wp\/v2\/types\/post"}],"author":[{"embeddable":true,"href":"https:\/\/staging.ivg.it\/ediapi\/wp\/v2\/users\/12291"}],"replies":[{"embeddable":true,"href":"https:\/\/staging.ivg.it\/ediapi\/wp\/v2\/comments?post=312189"}],"version-history":[{"count":0,"href":"https:\/\/staging.ivg.it\/ediapi\/wp\/v2\/posts\/312189\/revisions"}],"wp:attachment":[{"href":"https:\/\/staging.ivg.it\/ediapi\/wp\/v2\/media?parent=312189"}],"wp:term":[{"taxonomy":"category","embeddable":true,"href":"https:\/\/staging.ivg.it\/ediapi\/wp\/v2\/categories?post=312189"},{"taxonomy":"post_tag","embeddable":true,"href":"https:\/\/staging.ivg.it\/ediapi\/wp\/v2\/tags?post=312189"}],"curies":[{"name":"wp","href":"https:\/\/api.w.org\/{rel}","templated":true}]}}