{"id":312188,"date":"2016-02-10T15:48:17","date_gmt":"2016-02-10T14:48:17","guid":{"rendered":"http:\/\/www.ivg.it\/?p=312188"},"modified":"2016-02-10T15:51:27","modified_gmt":"2016-02-10T14:51:27","slug":"spot-della-liguria-al-festival-toti-si-difende-ce-sempre-chi-ha-idee-migliori-il-giorno-dopo","status":"publish","type":"post","link":"https:\/\/staging.ivg.it\/2016\/02\/spot-della-liguria-al-festival-toti-si-difende-ce-sempre-chi-ha-idee-migliori-il-giorno-dopo\/","title":{"rendered":"Spot della Liguria al Festival, Toti si difende: &#8220;C&#8217;\u00e8 sempre chi ha idee migliori il giorno dopo&#8230;&#8221;"},"content":{"rendered":"<p><strong>Liguria. <\/strong>&#8220;In Italia <strong>quando si parla di calcio e tv c&#8217;\u00e8 sempre chi ha un&#8217;idea migliore, il giorno dopo<\/strong>. Al netto delle critiche, che vanno sempre accettate, ma anche dei tanti apprezzamenti, <strong>la nostra cartolina promozionale \u00e8 stata vista da 12 milioni 515 mila telespettatori<\/strong> circa&#8221;. <strong>Giovanni Toti<\/strong> rivendica il successo del filmato promozionale della Liguria, che <a href=\"http:\/\/www.ivg.it\/2016\/02\/festival-di-sanremo-lo-spot-della-liguria-taglia-il-ponente-e-in-rete-scoppia-la-polemica\/\" target=\"_blank\">tanto scalpore ha suscitato sul web<\/a>, tra critiche (numerose) e apprezzamenti (decisamente di meno).<\/p>\n<p>A finire nel mirino erano state l&#8217;assenza del ponente ligure, la qualit\u00e0 audio e video, ma soprattutto l&#8217;idea stessa dello spot, definito da molti &#8220;tremendo&#8221; e &#8220;deprimente&#8221;. Toti lo difende,\u00a0neanche a dirlo, tramite quel Facebook che contro lo spot si \u00e8 dimostrato impietoso, facendosi forte di un dato inconfutabile, quello dello share televisivo. Insomma, \u00e8 il ragionamento, piacere a tutti non si pu\u00f2 e comunque la cartolina, bella o brutta che sia, \u00e8 arrivata a milioni di destinatari, si spera prossimi turisti.<\/p>\n<p>&#8220;Siamo felici &#8211; conclude e rilancia il governatore della Liguria &#8211; e <strong>ascoltiamo tutti tranne chi aveva cancellato la Liguria dal Festival nelle passate edizioni<\/strong>, ovvero chi ha governato prima di noi negli ultimi 10 anni. Buona seconda serata del Festival di Sanremo! Ci vediamo con i giovani venerd\u00ec!&#8221;.<\/p>\n","protected":false},"excerpt":{"rendered":"<p>&#8220;La nostra cartolina promozionale \u00e8 stata vista da 12 milioni 515 mila telespettatori circa&#8221;<\/p>\n","protected":false},"author":10593,"featured_media":0,"comment_status":"open","ping_status":"closed","sticky":false,"template":"","format":"standard","meta":{"footnotes":""},"categories":[45296,56],"tags":[18872],"class_list":["post-312188","post","type-post","status-publish","format-standard","hentry","category-copertina","category-altre","tag-festival-di-sanremo","post_cat_citta-andora","post_cat_citta-provincia","post_tag_personaggi-giovanni-toti"],"amp_validity":null,"amp_enabled":true,"_links":{"self":[{"href":"https:\/\/staging.ivg.it\/ediapi\/wp\/v2\/posts\/312188","targetHints":{"allow":["GET"]}}],"collection":[{"href":"https:\/\/staging.ivg.it\/ediapi\/wp\/v2\/posts"}],"about":[{"href":"https:\/\/staging.ivg.it\/ediapi\/wp\/v2\/types\/post"}],"author":[{"embeddable":true,"href":"https:\/\/staging.ivg.it\/ediapi\/wp\/v2\/users\/10593"}],"replies":[{"embeddable":true,"href":"https:\/\/staging.ivg.it\/ediapi\/wp\/v2\/comments?post=312188"}],"version-history":[{"count":0,"href":"https:\/\/staging.ivg.it\/ediapi\/wp\/v2\/posts\/312188\/revisions"}],"wp:attachment":[{"href":"https:\/\/staging.ivg.it\/ediapi\/wp\/v2\/media?parent=312188"}],"wp:term":[{"taxonomy":"category","embeddable":true,"href":"https:\/\/staging.ivg.it\/ediapi\/wp\/v2\/categories?post=312188"},{"taxonomy":"post_tag","embeddable":true,"href":"https:\/\/staging.ivg.it\/ediapi\/wp\/v2\/tags?post=312188"}],"curies":[{"name":"wp","href":"https:\/\/api.w.org\/{rel}","templated":true}]}}