{"id":312030,"date":"2016-02-08T15:40:57","date_gmt":"2016-02-08T14:40:57","guid":{"rendered":"http:\/\/www.ivg.it\/?p=312030"},"modified":"2016-02-08T16:23:36","modified_gmt":"2016-02-08T15:23:36","slug":"nasce-vita-di-m-iliti-il-film-dei-volontari-della-croce-bianca-di-dego","status":"publish","type":"post","link":"https:\/\/staging.ivg.it\/2016\/02\/nasce-vita-di-m-iliti-il-film-dei-volontari-della-croce-bianca-di-dego\/","title":{"rendered":"Nasce &#8220;Vita Di M&#8230;iliti&#8221; , il film dei volontari della Croce Bianca di Dego"},"content":{"rendered":"<p><strong>Dego<\/strong>. <strong>Un progetto che ricorda la commedia dell\u2019arte del &#8216;500 italiano e francese data la mancanza di un copione definito<\/strong>, sostituito da un canovaccio che riporta l\u2019argomento e la descrizione delle scene del <strong>film &#8220;Vita Da M&#8230;iliti&#8221;.<\/strong><\/p>\n<p>I militi della Croce Bianca di Dego si sono lasciati andare all\u2019improvvisazione, indossando \u201cle maschere\u201d dei volontari della stessa pubblica assistenza\u00a0attraverso imitazioni e parodie. <strong>Ne \u00e8 uscito uno spaccato divertente e inedito che ora potr\u00e0 essere condiviso gioved\u00ec 18 febbraio al teatro parrocchiale del paese per la &#8220;prima&#8221; proiezione.<\/strong><\/p>\n<p>La storia inizia\u00a0dalla chiamata al presidente e dal conseguente arrivo nella sede di Dego di un ispettore sanitario, interpretato da Simone Ferrero, e si evolve attraverso intrighi e tranelli. Il direttivo, infatti, viene avvertito e organizza piani diabolici per incastrare l\u2019ispettore al fine di evitare una possibile chiusura della Croce Bianca.\u00a0<strong>Una comicit\u00e0 dunque pura e genuina, ma anche autoironica che mostra sul grande schermo le personalit\u00e0 dei membri dell\u2019associazione.\u00a0<\/strong><\/p>\n<p>Una seconda proiezione \u00e8 prevista, sempre a Dego, per gioved\u00ec 25 febbraio e venerd\u00ec 19 febbraio a Palazzo di Citt\u00e0 a Cairo Montenotte.<\/p>\n","protected":false},"excerpt":{"rendered":"<p>Una comicit\u00e0 pura e genuina, ma anche autoironica dei membri dell\u2019associazione<\/p>\n","protected":false},"author":12291,"featured_media":0,"comment_status":"open","ping_status":"closed","sticky":false,"template":"","format":"standard","meta":{"footnotes":""},"categories":[45296,56],"tags":[76330,68146],"class_list":["post-312030","post","type-post","status-publish","format-standard","hentry","category-copertina","category-altre","tag-croce-bianca-dego","tag-palazzo-di-citta-di-cairo","post_cat_citta-dego"],"amp_validity":null,"amp_enabled":true,"_links":{"self":[{"href":"https:\/\/staging.ivg.it\/ediapi\/wp\/v2\/posts\/312030","targetHints":{"allow":["GET"]}}],"collection":[{"href":"https:\/\/staging.ivg.it\/ediapi\/wp\/v2\/posts"}],"about":[{"href":"https:\/\/staging.ivg.it\/ediapi\/wp\/v2\/types\/post"}],"author":[{"embeddable":true,"href":"https:\/\/staging.ivg.it\/ediapi\/wp\/v2\/users\/12291"}],"replies":[{"embeddable":true,"href":"https:\/\/staging.ivg.it\/ediapi\/wp\/v2\/comments?post=312030"}],"version-history":[{"count":0,"href":"https:\/\/staging.ivg.it\/ediapi\/wp\/v2\/posts\/312030\/revisions"}],"wp:attachment":[{"href":"https:\/\/staging.ivg.it\/ediapi\/wp\/v2\/media?parent=312030"}],"wp:term":[{"taxonomy":"category","embeddable":true,"href":"https:\/\/staging.ivg.it\/ediapi\/wp\/v2\/categories?post=312030"},{"taxonomy":"post_tag","embeddable":true,"href":"https:\/\/staging.ivg.it\/ediapi\/wp\/v2\/tags?post=312030"}],"curies":[{"name":"wp","href":"https:\/\/api.w.org\/{rel}","templated":true}]}}