{"id":311729,"date":"2016-02-04T12:44:35","date_gmt":"2016-02-04T11:44:35","guid":{"rendered":"http:\/\/www.ivg.it\/?p=311729"},"modified":"2016-02-04T13:02:56","modified_gmt":"2016-02-04T12:02:56","slug":"ex-rodriquez-licenziati-i-lavoratori-fiom-pronta-alla-battaglia-inerme-il-comune","status":"publish","type":"post","link":"https:\/\/staging.ivg.it\/2016\/02\/ex-rodriquez-licenziati-i-lavoratori-fiom-pronta-alla-battaglia-inerme-il-comune\/","title":{"rendered":"Ex Rodriquez, licenziati i lavoratori. Fiom pronta alla battaglia: &#8220;Inerme il Comune&#8221;"},"content":{"rendered":"<p><strong>Pietra Ligure.<\/strong> I lavoratori del cantiere navale di Pietra Ligure Ex Rodriquez sono stati tutti licenziati. &#8220;L&#8217;azienda ha inviato le lettere di licenziamento non curandosi degli accordi precedenti e soprattutto cancellando unilateralmente l&#8217;unico vincolo che permetteva l&#8217;intera operazione di riqualificazione&#8221; denuncia la Fiom Cgil savonese.<\/p>\n<p>&#8220;Non \u00e8 accettabile che per l&#8217;ennesima volta venga stracciato un accordo di programma da parte delle imprese, ma la cosa che ancora fa pi\u00f9 rabbia \u00e8 il comportamento del Comune di Pietra Ligure, incapace di ricercare una soluzione a pochi mesi dall&#8217;inizio dei lavori all&#8217;interno del cantiere. Per la prima volta in otto anni l&#8217;amministrazione comunale si e&#8217; fatta dare la linea politica dall&#8217;impresa disdettando gli accordi e facendo cadere l&#8217;unico vincolo che teneva l&#8217;operazione in piedi&#8221;. <\/p>\n<p>&#8220;A questo punto impugneremo i licenziamenti, perch\u00e9 illegittimi, chiedendo che le istituzioni interessate e garanti degli accordi (Regione e Comune) vengano convocate in tribunale e saremo presenti al prossimo Consiglio comunale di Pietra Ligure dove chiederemo al sindaco e all&#8217;amministrazione tutta di sospendere ogni rapporto con la societ\u00e0 Pietra srl fino a quando non sar\u00e0 trovata una soluzione ai quattro lavoratori&#8221;.<\/p>\n<p>&#8220;Il Comune a pochi mesi dall&#8217;inizio delle attivit\u00e0 di riqualificazione e con un problema minimo di quattro lavoratori avr\u00e0 la responsabilit\u00e0 in un&#8217;operazione dal valore di circa 100 milioni e ha il dovere verso i lavoratori e i propri cittadini di risolvere il problema e non quello di accettare ogni proposta dell&#8217;azienda&#8221; conclude la Fiom.<\/p>\n","protected":false},"excerpt":{"rendered":"<p>Pietra Ligure. I lavoratori del cantiere navale di Pietra Ligure Ex Rodriquez sono stati tutti licenziati. &#8220;L&#8217;azienda ha inviato le lettere di licenziamento non curandosi degli accordi precedenti e soprattutto cancellando unilateralmente l&#8217;unico vincolo che permetteva l&#8217;intera operazione di riqualificazione&#8221; denuncia la Fiom Cgil savonese. &#8220;Non \u00e8 accettabile che per l&#8217;ennesima volta venga stracciato un [&hellip;]<\/p>\n","protected":false},"author":4,"featured_media":0,"comment_status":"open","ping_status":"closed","sticky":false,"template":"","format":"standard","meta":{"footnotes":""},"categories":[45296,35],"tags":[79724,3712,4898],"class_list":["post-311729","post","type-post","status-publish","format-standard","hentry","category-copertina","category-economia","tag-cantieri-navali-rodriquez","tag-cantieri-rodriquez","tag-fiom-cgil","post_cat_citta-pietra-ligure"],"amp_validity":null,"amp_enabled":true,"_links":{"self":[{"href":"https:\/\/staging.ivg.it\/ediapi\/wp\/v2\/posts\/311729","targetHints":{"allow":["GET"]}}],"collection":[{"href":"https:\/\/staging.ivg.it\/ediapi\/wp\/v2\/posts"}],"about":[{"href":"https:\/\/staging.ivg.it\/ediapi\/wp\/v2\/types\/post"}],"author":[{"embeddable":true,"href":"https:\/\/staging.ivg.it\/ediapi\/wp\/v2\/users\/4"}],"replies":[{"embeddable":true,"href":"https:\/\/staging.ivg.it\/ediapi\/wp\/v2\/comments?post=311729"}],"version-history":[{"count":0,"href":"https:\/\/staging.ivg.it\/ediapi\/wp\/v2\/posts\/311729\/revisions"}],"wp:attachment":[{"href":"https:\/\/staging.ivg.it\/ediapi\/wp\/v2\/media?parent=311729"}],"wp:term":[{"taxonomy":"category","embeddable":true,"href":"https:\/\/staging.ivg.it\/ediapi\/wp\/v2\/categories?post=311729"},{"taxonomy":"post_tag","embeddable":true,"href":"https:\/\/staging.ivg.it\/ediapi\/wp\/v2\/tags?post=311729"}],"curies":[{"name":"wp","href":"https:\/\/api.w.org\/{rel}","templated":true}]}}