{"id":311584,"date":"2016-02-02T17:08:33","date_gmt":"2016-02-02T16:08:33","guid":{"rendered":"http:\/\/www.ivg.it\/?p=311584"},"modified":"2016-02-02T17:08:33","modified_gmt":"2016-02-02T16:08:33","slug":"albenga-dreams-le-date-della-seconda-edizione","status":"publish","type":"post","link":"https:\/\/staging.ivg.it\/2016\/02\/albenga-dreams-le-date-della-seconda-edizione\/","title":{"rendered":"Albenga Dreams, le date della seconda edizione"},"content":{"rendered":"<p><strong>Albenga.<\/strong> L\u2019Associazione Culturale Governo Ombra, con il patrocinio del Comune di Albenga, ha annunciato le date della seconda edizione di Albenga Dreams, manifestazione dedicato al fumetto, al fantasy, e al mondo dell\u2019intrattenimento: l\u2019appuntamento \u00e8 fissato ad Albenga nei giorni 5, 6 e 7 agosto 2016. <\/p>\n<p>L\u2019evento, che nel 2015  ha portato oltre 30 ospiti del mondo del fumetto, della letteratura e del gioco, e pi\u00f9 di 5.000 visitatori al giorno equamente distribuiti tra turisti, visitatori dalle citt\u00e0 vicine e residenti, torner\u00e0 ad animare il centro storico con musica dal vivo, stand, ospiti, giochi, serate tematiche e cosplay. <\/p>\n<p>&#8220;Alcuni dei partners della prima edizione torneranno a collaborare con noi &#8211; annunciano da Governo Ombra &#8211; insieme a nuovi ospiti che saranno presentati nei giorni a venire, per dare la pi\u00f9 vasta offerta di divertimento e un\u2019occasione unica di vedere la nostra citt\u00e0 popolata di creature fantastiche come elfi, zombie, pirati spaziali, e indagatori dell\u2019incubo&#8221;.<\/p>\n<p>Tra le novit\u00e0 di questa edizione, oltre agli eventi a tema, il concorso per selezionare il testimonial della prossima edizione sviluppato con Costrive e la presentazione del fumetto originale \u201cIl Partigiano di Ferro\u201d, realizzato in collaborazione con l\u2019ANPI. Per conoscere tutte le novit\u00e0, \u00e8 possibile seguire la pagina facebook Albengadreams e il sito www.albengadreams.com.<\/p>\n","protected":false},"excerpt":{"rendered":"<p>Albenga. L\u2019Associazione Culturale Governo Ombra, con il patrocinio del Comune di Albenga, ha annunciato le date della seconda edizione di Albenga Dreams, manifestazione dedicato al fumetto, al fantasy, e al mondo dell\u2019intrattenimento: l\u2019appuntamento \u00e8 fissato ad Albenga nei giorni 5, 6 e 7 agosto 2016. L\u2019evento, che nel 2015 ha portato oltre 30 ospiti del [&hellip;]<\/p>\n","protected":false},"author":10593,"featured_media":0,"comment_status":"open","ping_status":"closed","sticky":false,"template":"","format":"standard","meta":{"footnotes":""},"categories":[56],"tags":[74876,34739],"class_list":["post-311584","post","type-post","status-publish","format-standard","hentry","category-altre","tag-albenga-dreams","tag-governo-ombra","post_cat_citta-albenga"],"amp_validity":null,"amp_enabled":true,"_links":{"self":[{"href":"https:\/\/staging.ivg.it\/ediapi\/wp\/v2\/posts\/311584","targetHints":{"allow":["GET"]}}],"collection":[{"href":"https:\/\/staging.ivg.it\/ediapi\/wp\/v2\/posts"}],"about":[{"href":"https:\/\/staging.ivg.it\/ediapi\/wp\/v2\/types\/post"}],"author":[{"embeddable":true,"href":"https:\/\/staging.ivg.it\/ediapi\/wp\/v2\/users\/10593"}],"replies":[{"embeddable":true,"href":"https:\/\/staging.ivg.it\/ediapi\/wp\/v2\/comments?post=311584"}],"version-history":[{"count":0,"href":"https:\/\/staging.ivg.it\/ediapi\/wp\/v2\/posts\/311584\/revisions"}],"wp:attachment":[{"href":"https:\/\/staging.ivg.it\/ediapi\/wp\/v2\/media?parent=311584"}],"wp:term":[{"taxonomy":"category","embeddable":true,"href":"https:\/\/staging.ivg.it\/ediapi\/wp\/v2\/categories?post=311584"},{"taxonomy":"post_tag","embeddable":true,"href":"https:\/\/staging.ivg.it\/ediapi\/wp\/v2\/tags?post=311584"}],"curies":[{"name":"wp","href":"https:\/\/api.w.org\/{rel}","templated":true}]}}