{"id":311193,"date":"2016-01-27T17:21:19","date_gmt":"2016-01-27T16:21:19","guid":{"rendered":"http:\/\/www.ivg.it\/?p=311193"},"modified":"2016-01-27T17:21:19","modified_gmt":"2016-01-27T16:21:19","slug":"incontro-in-provincia-per-fruttital-i-sindacati-accordi-disattesi-ma-nuove-realta-allorizzonte","status":"publish","type":"post","link":"https:\/\/staging.ivg.it\/2016\/01\/incontro-in-provincia-per-fruttital-i-sindacati-accordi-disattesi-ma-nuove-realta-allorizzonte\/","title":{"rendered":"Incontro in Provincia per Fruttital, i sindacati: &#8220;Accordi disattesi, ma nuove realt\u00e0 all&#8217;orizzonte&#8221;"},"content":{"rendered":"<p><strong>Albenga.<\/strong> Stamattina alle ore 12, presso la sede della Provincia di Savona, si \u00e8 tenuto un nuovo incontro istituzionale sulla vertenza Fruttital tra le organizzazioni sindacali di categoria, la Provincia, il Comune di Albenga, i rappresentanti del GF Group, l&#8217;Unione Industriali ed un rappresentante tecnico della Regione.<\/p>\n<p>Al centro dell&#8217;incontro, ancora una volta, una quarantina di lavoratori dell&#8217;azienda ingauna collocati in mobilit\u00e0 da marzo 2015. &#8220;Il tempo \u00e8 ormai scaduto, alcuni lavoratori a breve non percepiranno pi\u00f9 l&#8217;indennit\u00e0 di mobilit\u00e0 &#8211; spiegano Cristiano Ghiglia di Filcams Cgil, Luca Marcesini della Rsu e Roberto Scotto &#8211; L&#8217;incontro \u00e8 stato negativo. Non siamo solo preoccupati, siamo rammaricati perch\u00e8 quanto previsto e concordato nel Protocollo di Intesa siglato il 17 dicembre 2014 per la ricollocazione del personale ex Fruttital nelle attivit\u00e0 prospettate sul territorio ingauno, \u00e8 stato disatteso&#8221;.<\/p>\n<p>&#8220;Il Gf Group non ha ancora chiarito in merito a possibili reinsediamenti di attivit\u00e0 negli spazi non occupati dalla Laerh  &#8211; fanno sapere i sindacalisti &#8211; La Regione latita, conferma tecnicamente gli investimenti utili alla formazione e riqualificazione del personale propri di progetto generale condiviso ma non garantisce, incredibilmente dopo mesi, una valutazione positiva in prospettiva. Pertanto non escludiamo di organizzare un ulteriore presidio di protesta in Via Fieschi: sono urgenti risposte serie e una assunzione di responsabilit\u00e0 istituzionale e politica&#8221;.<\/p>\n<p>&#8220;Entro il mese di febbraio la Provincia ed il Comune di Albenga si impegnano comunque a riconvocare il tavolo &#8211; concludono i sindacati &#8211; per coordinare eventuali sviluppi, in quanto all&#8217;orizzonte parrebbero esserci ulteriori realt\u00e0 commerciali e produttive pronte ad insediarsi nel territorio inganno&#8221;.<\/p>\n","protected":false},"excerpt":{"rendered":"<p>Albenga. Stamattina alle ore 12, presso la sede della Provincia di Savona, si \u00e8 tenuto un nuovo incontro istituzionale sulla vertenza Fruttital tra le organizzazioni sindacali di categoria, la Provincia, il Comune di Albenga, i rappresentanti del GF Group, l&#8217;Unione Industriali ed un rappresentante tecnico della Regione. Al centro dell&#8217;incontro, ancora una volta, una quarantina [&hellip;]<\/p>\n","protected":false},"author":10593,"featured_media":0,"comment_status":"open","ping_status":"closed","sticky":false,"template":"","format":"standard","meta":{"footnotes":""},"categories":[45296,35],"tags":[26724],"class_list":["post-311193","post","type-post","status-publish","format-standard","hentry","category-copertina","category-economia","tag-fruttital","post_cat_citta-albenga","post_tag_personaggi-cristiano-ghiglia-2"],"amp_validity":null,"amp_enabled":true,"_links":{"self":[{"href":"https:\/\/staging.ivg.it\/ediapi\/wp\/v2\/posts\/311193","targetHints":{"allow":["GET"]}}],"collection":[{"href":"https:\/\/staging.ivg.it\/ediapi\/wp\/v2\/posts"}],"about":[{"href":"https:\/\/staging.ivg.it\/ediapi\/wp\/v2\/types\/post"}],"author":[{"embeddable":true,"href":"https:\/\/staging.ivg.it\/ediapi\/wp\/v2\/users\/10593"}],"replies":[{"embeddable":true,"href":"https:\/\/staging.ivg.it\/ediapi\/wp\/v2\/comments?post=311193"}],"version-history":[{"count":0,"href":"https:\/\/staging.ivg.it\/ediapi\/wp\/v2\/posts\/311193\/revisions"}],"wp:attachment":[{"href":"https:\/\/staging.ivg.it\/ediapi\/wp\/v2\/media?parent=311193"}],"wp:term":[{"taxonomy":"category","embeddable":true,"href":"https:\/\/staging.ivg.it\/ediapi\/wp\/v2\/categories?post=311193"},{"taxonomy":"post_tag","embeddable":true,"href":"https:\/\/staging.ivg.it\/ediapi\/wp\/v2\/tags?post=311193"}],"curies":[{"name":"wp","href":"https:\/\/api.w.org\/{rel}","templated":true}]}}