{"id":310720,"date":"2016-01-20T16:53:56","date_gmt":"2016-01-20T15:53:56","guid":{"rendered":"http:\/\/www.ivg.it\/?p=310720"},"modified":"2016-01-20T16:53:56","modified_gmt":"2016-01-20T15:53:56","slug":"furti-a-ceriale-il-consigliere-giordano-allattacco","status":"publish","type":"post","link":"https:\/\/staging.ivg.it\/2016\/01\/furti-a-ceriale-il-consigliere-giordano-allattacco\/","title":{"rendered":"Furti a Ceriale, il consigliere Giordano all&#8217;attacco"},"content":{"rendered":"<p><strong>Ceriale<\/strong>. \u201cIl fenomeno dei furti negli appartamenti, come noto, si \u00e8 particolarmente accentuato negli ultimi tempi e anche a Ceriale, un Comune che \u00e8 sempre stato tranquillo, soprattutto grazie alle forze dell&#8217;ordine rappresentate dai carabinieri e polizia locale che hanno sempre operato sul nostro territorio egregiamente meritandosi la benevolenza dei cittadini\u201d. La premessa \u00e8 del consigliere cerialese Luigi Giordano che sull\u2019argomento parte all\u2019attacco.<\/p>\n<p>\u201cUna serie di errori politici e una grave crisi economica seguita da fattori contingenti incontrollabili, e una carenza di uomini delle forze dell&#8217;ordine hanno portato la paura di trovarsi la casa svaligiata. Ma ancor pi\u00f9 la percezione della sicurezza da parte dei cittadini, nei nostri paesi ha ormai toccato un livello bassissimo e preoccupante. Tutto questo \u00e8 pericoloso perch\u00e9 pu\u00f2 portare, come gi\u00e0 succede in certi paesi a movimenti organizzati di cittadini per effettuare autonomamente un&#8217;attivit\u00e0 di controllo del territorio che alcuni hanno definito, con tono dispregiativo, \u2018ronde\u2019\u201d osserva Giordano.<\/p>\n<p>\u201cDeprecabili? Pu\u00f2 darsi, non sta a me giudicare, anche perch\u00e9 gli sviluppi di azioni private possono diventare azioni pericolose per la vita dei volontari e di fanatismo per alcuni. Allora chiedo perch\u00e9 non integrare un terzo turno notturno di polizia locale che faccia perlomeno da deterrente. E perch\u00e9 non lavorare in sinergia anche con i carabinieri di Ceriale e la vicina Albenga per avere un territorio sicuro perlomeno a livello psicologico. Ricordiamoci che solo qualche giorno fa un pensionato \u00e8 stato malmenato in casa propria ad Albenga. Venerd\u00ec scorso \u00e8 stato preso di mira dai malviventi anche l&#8217;ufficio ambiente di Ceriale. Stiamo attenti che fra la gente c&#8217;\u00e8 forse qualcuno spinto da sentimenti vendicativi pronto a prendersela con tutti, anche con chi non c\u2019entra\u201d conclude Luigi Giordano.<\/p>\n","protected":false},"excerpt":{"rendered":"<p>Il consigliere propone di incrementare i controlli: &#8220;Perch\u00e9 non integrare un terzo turno notturno di polizia locale che faccia perlomeno da deterrente?&#8221;<\/p>\n","protected":false},"author":2394,"featured_media":0,"comment_status":"open","ping_status":"closed","sticky":false,"template":"","format":"standard","meta":{"footnotes":""},"categories":[31],"tags":[1446],"class_list":["post-310720","post","type-post","status-publish","format-standard","hentry","category-politica","tag-furti","post_cat_citta-ceriale","post_tag_personaggi-luigi-giordano-2"],"amp_validity":null,"amp_enabled":true,"_links":{"self":[{"href":"https:\/\/staging.ivg.it\/ediapi\/wp\/v2\/posts\/310720","targetHints":{"allow":["GET"]}}],"collection":[{"href":"https:\/\/staging.ivg.it\/ediapi\/wp\/v2\/posts"}],"about":[{"href":"https:\/\/staging.ivg.it\/ediapi\/wp\/v2\/types\/post"}],"author":[{"embeddable":true,"href":"https:\/\/staging.ivg.it\/ediapi\/wp\/v2\/users\/2394"}],"replies":[{"embeddable":true,"href":"https:\/\/staging.ivg.it\/ediapi\/wp\/v2\/comments?post=310720"}],"version-history":[{"count":0,"href":"https:\/\/staging.ivg.it\/ediapi\/wp\/v2\/posts\/310720\/revisions"}],"wp:attachment":[{"href":"https:\/\/staging.ivg.it\/ediapi\/wp\/v2\/media?parent=310720"}],"wp:term":[{"taxonomy":"category","embeddable":true,"href":"https:\/\/staging.ivg.it\/ediapi\/wp\/v2\/categories?post=310720"},{"taxonomy":"post_tag","embeddable":true,"href":"https:\/\/staging.ivg.it\/ediapi\/wp\/v2\/tags?post=310720"}],"curies":[{"name":"wp","href":"https:\/\/api.w.org\/{rel}","templated":true}]}}