{"id":310717,"date":"2016-01-20T16:31:28","date_gmt":"2016-01-20T15:31:28","guid":{"rendered":"http:\/\/www.ivg.it\/?p=310717"},"modified":"2016-01-20T16:31:28","modified_gmt":"2016-01-20T15:31:28","slug":"attivo-il-fondo-sanitario-confcommercio-un-anno-gratis-per-i-primi-100-aderenti-a-savona","status":"publish","type":"post","link":"https:\/\/staging.ivg.it\/2016\/01\/attivo-il-fondo-sanitario-confcommercio-un-anno-gratis-per-i-primi-100-aderenti-a-savona\/","title":{"rendered":"Attivo il Fondo Sanitario Confcommercio: un anno gratis per i primi 100 aderenti a Savona"},"content":{"rendered":"<p><strong>Savona<\/strong>. E&#8217; stato presentato a Roma, presso la sede confederale, il Fondo Sanitario Confcommercio, il primo fondo di assistenza sanitaria integrativa a livello nazionale dedicato agli imprenditori del commercio, del turismo, dei servizi e dei trasporti. <\/p>\n<p>Il Fondo si avvale dell&#8217;esperienza di Casagit (Cassa Autonoma di Assistenza Sanitaria Integrativa dei Giornalisti Italiani) che, insieme a Casagitservizi, mette a disposizione degli assistiti una vasta rete di strutture private convenzionate sull&#8217;intero territorio nazionale. Alla presentazione sono intervenuti il Direttore Generale di Confcommercio, Francesco Rivolta, e il Presidente di Casagit, Daniele Cerrato.<\/p>\n<p>&#8220;Il grado di sostenibilit\u00e0 dell&#8217;assistenza sanitaria pubblica va sempre pi\u00f9 riducendosi &#8211; ha detto Rivolta &#8211; sia per la scarsit\u00e0 di risorse pubbliche sia per l&#8217;invecchiamento progressivo della popolazione. Con Casagit abbiamo immaginato un fondo dedicato alla tutela dei nostri soci: imprenditori, lavoratori autonomi e partite Iva. Partite Iva che sono attualmente il segmento meno tutelato del nostro paese&#8221;. <\/p>\n<p>Anche Confcommercio Savona ha attivato il servizio per i propri associati, offrendo ai primi 100 che richiederanno l\u2019adesione un anno di gratuit\u00e0. Sono gi\u00e0 attive le convenzioni con strutture Sanitarie della Provincia. Per informazioni Confcommercio 019\/8331338 o mail:info@confcommerciosavona.it.<\/p>\n","protected":false},"excerpt":{"rendered":"<p>Primo fondo di assistenza sanitaria integrativa a livello nazionale dedicato agli imprenditori del commercio, del turismo, dei servizi e dei trasporti<\/p>\n","protected":false},"author":2394,"featured_media":0,"comment_status":"open","ping_status":"closed","sticky":false,"template":"","format":"standard","meta":{"footnotes":""},"categories":[35],"tags":[51890],"class_list":["post-310717","post","type-post","status-publish","format-standard","hentry","category-economia","tag-confcommercio-savona","post_cat_citta-savona"],"amp_validity":null,"amp_enabled":true,"_links":{"self":[{"href":"https:\/\/staging.ivg.it\/ediapi\/wp\/v2\/posts\/310717","targetHints":{"allow":["GET"]}}],"collection":[{"href":"https:\/\/staging.ivg.it\/ediapi\/wp\/v2\/posts"}],"about":[{"href":"https:\/\/staging.ivg.it\/ediapi\/wp\/v2\/types\/post"}],"author":[{"embeddable":true,"href":"https:\/\/staging.ivg.it\/ediapi\/wp\/v2\/users\/2394"}],"replies":[{"embeddable":true,"href":"https:\/\/staging.ivg.it\/ediapi\/wp\/v2\/comments?post=310717"}],"version-history":[{"count":0,"href":"https:\/\/staging.ivg.it\/ediapi\/wp\/v2\/posts\/310717\/revisions"}],"wp:attachment":[{"href":"https:\/\/staging.ivg.it\/ediapi\/wp\/v2\/media?parent=310717"}],"wp:term":[{"taxonomy":"category","embeddable":true,"href":"https:\/\/staging.ivg.it\/ediapi\/wp\/v2\/categories?post=310717"},{"taxonomy":"post_tag","embeddable":true,"href":"https:\/\/staging.ivg.it\/ediapi\/wp\/v2\/tags?post=310717"}],"curies":[{"name":"wp","href":"https:\/\/api.w.org\/{rel}","templated":true}]}}