{"id":310684,"date":"2016-01-20T11:08:49","date_gmt":"2016-01-20T10:08:49","guid":{"rendered":"http:\/\/www.ivg.it\/?p=310684"},"modified":"2016-01-20T11:15:47","modified_gmt":"2016-01-20T10:15:47","slug":"adottata-da-piccola-a-73-anni-cerca-i-suoi-genitori-biologici-maria-cellino-alla-scoperta-delle-sue-origini","status":"publish","type":"post","link":"https:\/\/staging.ivg.it\/2016\/01\/adottata-da-piccola-a-73-anni-cerca-i-suoi-genitori-biologici-maria-cellino-alla-scoperta-delle-sue-origini\/","title":{"rendered":"Adottata da piccola, a 73 anni cerca i genitori biologici: Maria Cellino alla scoperta delle sue origini"},"content":{"rendered":"<p><strong>Savona<\/strong>. E&#8217; stata adottata quando aveva solo tre anni. Pur vivendo un&#8217;infanzia e una vita felice con la sua nuova famiglia, che l&#8217;ha cresciuta e educata con amore, ha sempre desiderato sapere chi fossero i suoi veri genitori e se avesse o meno fratelli e sorelle con cui condividere, seppure tardivamente, la propria esistenza. E cos\u00ec ha cominciato a cercare, scontrandosi con gli ostacoli della burocrazia e una serie di leggi all&#8217;apparenza poco sensate le quali impediscono alle persone di conoscere le proprie origini.<\/p>\n<p>Sta cercando s\u00e9 stessa <strong>Maria Cellino, la 73enne residente a Pietra Ligure che ormai da qualche anno sta portando avanti una vera e propria indagine per riuscire a rintracciare i suoi genitori biologici,<\/strong> la coppia che pi\u00f9 di mezzo secolo fa le ha dato la vita e che poi, per ragioni mai stabilite, non ha potuto tenerla con s\u00e9.<\/p>\n<p><strong>Ad aiutarla nell&#8217;impresa c&#8217;\u00e8 sua figlia Cristina e suo genero<\/strong>: \u201cMaria ha sempre avuto il desiderio di conoscere i propri genitori naturali \u2013 spiegano \u2013 Ogni volta che in televisione si imbatte in qualche programma televisivo in cui vengono raccontate vicende famigliari simili alla sua questo desiderio si fa pi\u00f9 forte. Purtroppo ha sempre dovuto fare i conti con un certo imbarazzo per la sua &#8216;condizione&#8217; di bambina adottata. Noi abbiamo sempre cercato di spiegarle che non c&#8217;\u00e8 alcun motivo per provare vergogna, dato che non \u00e8 colpa sua, ma nonostante le nostre rassicurazioni ha sempre un po&#8217; di difficolt\u00e0\u201d.<\/p>\n<p>Cristina e il suo compagno stanno cercando di aiutare Maria a rintracciare i suoi genitori: \u201c<strong>Purtroppo la cosiddetta &#8216;legge dei 100 anni&#8217; vieta di conoscere l\u2019identit\u00e0 della madre biologica prima di un secolo se questa, lasciando il proprio neonato all\u2019adozione, ha chiesto di restare anonima<\/strong>. E&#8217; una legge insensata: un bambino adottato pu\u00f2 sapere chi siano i suoi veri genitori quando magari \u00e8 passato a miglior vita. In parlamento \u00e8 in discussione una modifica che ridurr\u00e0 questo lasso di tempo, ma intanto noi ci siamo dovuti arrangiare seguendo altre strade\u201d.<\/p>\n<p>Cristina e il suo compagno hanno scoperto che <strong>Maria \u00e8 nata a Savona, in via Paolo Cappa 3 <\/strong>(\u201cIn quello che pensiamo sia l&#8217;istituto della purificazione, ma non ne siamo sicuri)<strong> alle 17 del 15 aprile 1942. E&#8217; stata battezzata nella chiesa di Sant&#8217;Andrea il 23 aprile. Da neonata fu presa in custodia da brefotrofio provinciale di Savona, dove rimase fino all&#8217;et\u00e0 di tre anni<\/strong>, dopodich\u00e9 fu adottata. Le indagini, quindi, sono partite da questi elementi. E presto si sono dovute scontrare con una serie di difficolt\u00e0 burocratiche.<\/p>\n<div class=\"single-img-content-container fullwidth-single shortcode standard\">\n    <div class=\"image_container\" style=\"text-align: center;\">\n        <picture class=\" lazyload\"><img loading=\"lazy\" class=\"lazy\" data-srcset=\"https:\/\/www.ivg.it\/photogallery_new\/images\/2013\/10\/provincia-palazzo-nervi-220592.jpg 1024w, https:\/\/www.ivg.it\/photogallery_new\/images\/2013\/10\/provincia-palazzo-nervi-220592.jpg 970w, https:\/\/www.ivg.it\/photogallery_new\/images\/2013\/10\/provincia-palazzo-nervi-220592.jpg 660w, https:\/\/www.ivg.it\/photogallery_new\/images\/2013\/10\/provincia-palazzo-nervi-220592.jpg 316w, https:\/\/www.ivg.it\/photogallery_new\/images\/2013\/10\/provincia-palazzo-nervi-220592.jpg 150w\"  data-src=\"https:\/\/www.ivg.it\/photogallery_new\/images\/2013\/10\/provincia-palazzo-nervi-220592.jpg\" alt=\"Provincia - Palazzo Nervi\" \/><\/picture>\r\n\n    <\/div>\n    <\/div>\n\n<p>\u201cIl brefotrofio era provinciale, quindi <strong>come prima cosa ci siamo recati a Palazzo Nervi in cerca di informazioni<\/strong> \u2013 spiegano \u2013 Qui abbiamo presentato domanda per visionare la pratica di Maria. Dopo qualche giorno<strong> ci \u00e8 stato consegnato un atto di nascita e i nominativi dei testimoni. Sull&#8217;attestato, per\u00f2, non era indicato il nome della madre biologica<\/strong>. A questo punto siamo andati in Comune:<strong> a Palazzo Sisto ci hanno consigliato di rivolgerci al tribunale di Savona<\/strong>. Qui ci hanno detto di chiedere la consulenza di un avvocato e di chiedere al giudice di poter accedere ai documenti coperti da questa famosa legge dei 100 anni. Il giudice ci ha autorizzato a visionare il fascicolo\u201d.<\/p>\n<p>Purtroppo, per\u00f2, il risultato \u00e8 stato quasi una beffa: \u201c<strong>L&#8217;unico documento a cui abbiamo potuto accedere era un altro certificato di nascita con le stesse informazioni che avevamo ottenuto in Provincia<\/strong>. Ci siamo rivolti anche all&#8217;Asl, ma anche in questo caso non abbiamo ottenuto risultati. Ora <strong>il nostro avvocato ha deciso di contattare il tribunale dei minori di Genova<\/strong>. Speriamo di poter avere qualche risposta in tempi brevi\u201d.<\/p>\n<div class=\"single-img-content-container fullwidth-single shortcode standard\">\n    <div class=\"image_container\" style=\"text-align: center;\">\n        <picture class=\" lazyload\"><img loading=\"lazy\" class=\"lazy\" data-srcset=\"https:\/\/www.ivg.it\/photogallery_new\/images\/2014\/02\/tribunale-minori-di-genova-228292.jpg 1024w, https:\/\/www.ivg.it\/photogallery_new\/images\/2014\/02\/tribunale-minori-di-genova-228292.jpg 970w, https:\/\/www.ivg.it\/photogallery_new\/images\/2014\/02\/tribunale-minori-di-genova-228292.jpg 660w, https:\/\/www.ivg.it\/photogallery_new\/images\/2014\/02\/tribunale-minori-di-genova-228292.jpg 316w, https:\/\/www.ivg.it\/photogallery_new\/images\/2014\/02\/tribunale-minori-di-genova-228292.jpg 150w\"  data-src=\"https:\/\/www.ivg.it\/photogallery_new\/images\/2014\/02\/tribunale-minori-di-genova-228292.jpg\" alt=\"tribunale minori di genova\" \/><\/picture>\r\n\n    <\/div>\n    <\/div>\n\n<p>Nel frattempo, Cristina e il compagno hanno proseguito le \u201cindagini\u201d per conto loro: \u201c<strong>Da soli \u2013 spiegano \u2013 siamo riusciti a rintracciare i testimoni della nascita di Maria e anche l&#8217;ostetrica che l&#8217;ha aiutata a venire al mondo. Purtroppo erano gi\u00e0 tutti defunti<\/strong>, quindi non ci sono stati di aiuto nella nostra indagine\u201d.<\/p>\n<p>Sono state battute anche altre strane pi\u00f9 \u201cmoderne\u201d e contemporanee: \u201c<strong>Su Internet e su Facebook ci sono tanti siti e tanti gruppi composti da persone che cercano i loro genitori biologici.<\/strong> Alcuni ci sono anche riusciti sfruttando la legge dei 70 anni, che autorizza la divulgazione dei dati entro quell&#8217;arco di tempo. Ma sono casi rari, purtroppo. Occorre procedere altre strade\u201d.<\/p>\n<p>Come ad esempio lanciare un appello su Internet e sui media: \u201c<strong>Chiunque abbia informazioni utili, ci vuole conoscere e aiutare pu\u00f2 contattare questo numero: 331.451.1523. Maria vuole solo conoscere l&#8217;identit\u00e0 di sua madre e suo padre<\/strong>. Speriamo che questo piccolo appello possa portare qualche contributo concreto alle nostre ricerche e farle finalmente scoprire chi siano i suoi genitori biologici\u201d.<\/p>\n","protected":false},"excerpt":{"rendered":"<p>E&#8217; nata a Savona, in via Paolo Cappa 3 alle 17 del 15 aprile 1942. Da neonata fu presa in custodia da brefotrofio provinciale di Savona<\/p>\n","protected":false},"author":12120,"featured_media":0,"comment_status":"open","ping_status":"closed","sticky":false,"template":"","format":"standard","meta":{"footnotes":""},"categories":[45296,56],"tags":[1893,8648,9994,66680,16920],"class_list":["post-310684","post","type-post","status-publish","format-standard","hentry","category-copertina","category-altre","tag-adozione","tag-asl2-savonese","tag-provincia-di-savona","tag-tribunale-dei-minori","tag-tribunale-di-savona","post_cat_citta-savona","post_tag_personaggi-maria-cellino"],"amp_validity":null,"amp_enabled":true,"_links":{"self":[{"href":"https:\/\/staging.ivg.it\/ediapi\/wp\/v2\/posts\/310684","targetHints":{"allow":["GET"]}}],"collection":[{"href":"https:\/\/staging.ivg.it\/ediapi\/wp\/v2\/posts"}],"about":[{"href":"https:\/\/staging.ivg.it\/ediapi\/wp\/v2\/types\/post"}],"author":[{"embeddable":true,"href":"https:\/\/staging.ivg.it\/ediapi\/wp\/v2\/users\/12120"}],"replies":[{"embeddable":true,"href":"https:\/\/staging.ivg.it\/ediapi\/wp\/v2\/comments?post=310684"}],"version-history":[{"count":0,"href":"https:\/\/staging.ivg.it\/ediapi\/wp\/v2\/posts\/310684\/revisions"}],"wp:attachment":[{"href":"https:\/\/staging.ivg.it\/ediapi\/wp\/v2\/media?parent=310684"}],"wp:term":[{"taxonomy":"category","embeddable":true,"href":"https:\/\/staging.ivg.it\/ediapi\/wp\/v2\/categories?post=310684"},{"taxonomy":"post_tag","embeddable":true,"href":"https:\/\/staging.ivg.it\/ediapi\/wp\/v2\/tags?post=310684"}],"curies":[{"name":"wp","href":"https:\/\/api.w.org\/{rel}","templated":true}]}}