{"id":310638,"date":"2016-01-19T16:23:35","date_gmt":"2016-01-19T15:23:35","guid":{"rendered":"http:\/\/www.ivg.it\/?p=310638"},"modified":"2016-01-19T17:20:50","modified_gmt":"2016-01-19T16:20:50","slug":"sinistra-contro-toti-regione-al-family-day-scelta-retrograda-e-illiberale","status":"publish","type":"post","link":"https:\/\/staging.ivg.it\/2016\/01\/sinistra-contro-toti-regione-al-family-day-scelta-retrograda-e-illiberale\/","title":{"rendered":"Sinistra contro Toti: &#8220;Regione al Family Day? Scelta retrograda, illiberale e ingiustificabile&#8221;"},"content":{"rendered":"<p><strong>Liguria.<\/strong> &#8220;Apprendiamo che Toti vuole fare partecipare ufficialmente la Regione Liguria al Family Day con tanto di gonfalone, come gi\u00e0 deciso pare da Lombardia e Veneto. Ricordiamo che il Family Day \u00e8 una iniziativa nettamente di parte, convocata sulla spinta della parte pi\u00f9 conservatrice e oltranzista del mondo cattolico, il cui fine esplicito \u00e8 la contrapposizione al disegno di legge Cirinn\u00e0 e in generale al prospettato riconoscimento delle Unioni Civili e a quello, invero assai limitato, delle adozioni anche per le coppie omosessuali attraverso la cosiddetta stepchild adoption&#8221;.<\/p>\n<p>Lo dichiara Angelo Chiaramonte, coordinatore regionale di Sel, in merito alle ultime esternazioni del governatore della Liguria Toti, sottolineando come &#8220;ogni qualvolta si parli di diritti, questa amministrazione sveli appieno le sue caratteristiche di destra illiberale e retrograda. Basti dire che la motivazione tutta ideologica di queste posizioni \u00e8 che riconoscere i diritti delle persone omosessuali porterebbe nientemeno che a chiss\u00e0 quale attacco alle famiglie e alla societ\u00e0. Al contrario, sappiamo bene che purtroppo da molti anni tutte le famiglie, indistintamente, continuano a subire i gravi effetti della crisi economica, del welfare, della disoccupazione&#8221;.<\/p>\n<p>&#8220;SEL si oppone con forza a questo orientamento della Giunta Toti \u2013 conclude il coordinatore di Sinistra Ecologia Libert\u00e0 Liguria &#8211; perch\u00e9 non rappresenta tante e tanti cittadini liguri che sono per l&#8217;uguaglianza dei diritti e la laicit\u00e0, al di l\u00e0 del loro orientamento politico o religioso, e pensano che estenderli per via normativa a chi non li ha e che invece li aspetta da decenni non tolga nulla a chi gi\u00e0 li possiede&#8221;.<\/p>\n<p>Della stessa opinione Raffaella Paita, capogruppo del Pd in Regione: \u201cPortare il gonfalone della Regione Liguria al Family Day \u00e8 profondamente sbagliato. Ognuno \u00e8 libero di manifestare per i propri valori e il mio rispetto va anche a chi scende in piazza per il Family Day, pur avendo un\u2019opinione differente. E\u2019 sbagliato per\u00f2 piegare un\u2019istituzione alle proprie posizioni personali. Portare il gonfalone della Regione Liguria a questa manifestazione \u00e8 una forzatura inaccettabile al di l\u00e0 delle posizioni di ciascuno. Un simbolo di tutti i liguri non pu\u00f2 diventare un simbolo di posizioni di parte\u201d.<\/p>\n<p>&#8220;Toti partecipa al Family Day e vuole portare &#8216;in processione&#8217; il gonfalone della Liguria. Ma a che titolo? Come presidente della Regione, che dovrebbe rappresentare la volont\u00e0 di tutti i cittadini, o come esponente di un partito di centrodestra cui sono cari soltanto i propri elettori? \u2013 \u00e8 la domanda del consigliere di Rete a Sinistra Gianni Pastorino &#8211; In ogni caso si tratta di una scelta arbitraria, che, come Rete a Sinistra, giudichiamo ingiustificabile da ogni punto di vista: vogliamo ricordare al Presidente Toti che il Family Day non \u00e8 una manifestazione di carattere istituzionale, ma un raduno squisitamente politico&#8221;.<\/p>\n<p>&#8220;E poi, siamo veramente sicuri che la rappresentanza politica di Toti creda nella famiglia tradizionale e nel sacro vincolo del matrimonio? \u2013 accusa Pastorino &#8211; Finiamola con le ipocrisie: molta parte dell\u2019elettorato di Forza Italia ha abbandonato da tempo la forma tradizionale di famiglia, a cominciare da chi ha governato per vent\u2019anni questo Paese; un signore che si \u00e8 sposato due volte&#8221;.<\/p>\n","protected":false},"excerpt":{"rendered":"<p>Liguria. &#8220;Apprendiamo che Toti vuole fare partecipare ufficialmente la Regione Liguria al Family Day con tanto di gonfalone, come gi\u00e0 deciso pare da Lombardia e Veneto. Ricordiamo che il Family Day \u00e8 una iniziativa nettamente di parte, convocata sulla spinta della parte pi\u00f9 conservatrice e oltranzista del mondo cattolico, il cui fine esplicito \u00e8 la [&hellip;]<\/p>\n","protected":false},"author":10593,"featured_media":0,"comment_status":"open","ping_status":"closed","sticky":false,"template":"","format":"standard","meta":{"footnotes":""},"categories":[31],"tags":[12786],"class_list":["post-310638","post","type-post","status-publish","format-standard","hentry","category-politica","tag-family-day","post_cat_citta-andora","post_cat_citta-provincia","post_tag_personaggi-angelo-chiaramonte","post_tag_personaggi-giovanni-toti"],"amp_validity":null,"amp_enabled":true,"_links":{"self":[{"href":"https:\/\/staging.ivg.it\/ediapi\/wp\/v2\/posts\/310638","targetHints":{"allow":["GET"]}}],"collection":[{"href":"https:\/\/staging.ivg.it\/ediapi\/wp\/v2\/posts"}],"about":[{"href":"https:\/\/staging.ivg.it\/ediapi\/wp\/v2\/types\/post"}],"author":[{"embeddable":true,"href":"https:\/\/staging.ivg.it\/ediapi\/wp\/v2\/users\/10593"}],"replies":[{"embeddable":true,"href":"https:\/\/staging.ivg.it\/ediapi\/wp\/v2\/comments?post=310638"}],"version-history":[{"count":0,"href":"https:\/\/staging.ivg.it\/ediapi\/wp\/v2\/posts\/310638\/revisions"}],"wp:attachment":[{"href":"https:\/\/staging.ivg.it\/ediapi\/wp\/v2\/media?parent=310638"}],"wp:term":[{"taxonomy":"category","embeddable":true,"href":"https:\/\/staging.ivg.it\/ediapi\/wp\/v2\/categories?post=310638"},{"taxonomy":"post_tag","embeddable":true,"href":"https:\/\/staging.ivg.it\/ediapi\/wp\/v2\/tags?post=310638"}],"curies":[{"name":"wp","href":"https:\/\/api.w.org\/{rel}","templated":true}]}}