{"id":310399,"date":"2016-01-15T14:27:10","date_gmt":"2016-01-15T13:27:10","guid":{"rendered":"http:\/\/www.ivg.it\/?p=310399"},"modified":"2016-01-15T14:27:10","modified_gmt":"2016-01-15T13:27:10","slug":"alassio-comune-e-polizia-municipale-incontrano-una-delegazione-di-cittadini-per-parlare-di-sicurezza","status":"publish","type":"post","link":"https:\/\/staging.ivg.it\/2016\/01\/alassio-comune-e-polizia-municipale-incontrano-una-delegazione-di-cittadini-per-parlare-di-sicurezza\/","title":{"rendered":"Alassio, Comune e polizia municipale incontrano una delegazione di cittadini per parlare di sicurezza"},"content":{"rendered":"<p><strong>Alassio<\/strong>. In questi giorni, il sindaco di Alassio Enzo Canepa, assieme ad altri rappresentanti dell&#8217;amministrazione e al comandante della polizia municipale Francesco Parrella, ha ricevuto alcuni cittadini di Alassio, i quali avevano chiesto un incontro dedicato al tema della sicurezza, dopo i recenti episodi verificatisi ad Albenga e nell&#8217;entroterra Ingauno e, per quanto concerne il territorio alassino, nella frazione di Moglio.<\/p>\n<p>&#8220;La nostra citt\u00e0, fortunatamente, \u00e8 stata colpita solo in maniera marginale dalla serie di furti ed episodi criminosi avvenuti nelle ultime settimane, con qualche fatto verificatosi a Moglio, frazione collegata da strade collinari che portano ai versanti di Andora e di Albenga. Ci\u00f2 nonostante, vogliamo comunque mantenere alta la guardia, di concerto con le forze dell&#8217;ordine e di polizia, con la collaborazione fattiva dei cittadini, a tutela della comunit\u00e0&#8221;, spiega Canepa, che ha voluto estendere l&#8217;incontro anche ad alcuni rappresentanti del centro e di altri quartieri alassini.<\/p>\n<p>&#8220;Abbiamo ribadito l&#8217;impegno da parte di tutte le forze presenti sul territorio, per il monitoraggio costante delle diverse zone della citt\u00e0, anche grazie all&#8217;eccellente sistema di videosorveglianza di cui \u00e8 dotato il Comune, che abbiamo recentemente ampliato e potenziato, rendendolo anche visibile a pi\u00f9 forze dell&#8217;ordine: il sistema ha gi\u00e0 portato a individuare numerosi soggetti che hanno commesso reati&#8221;, aggiunge il primo cittadino.<\/p>\n<p>&#8220;Data la situazione, anche i cittadini, naturalmente, sono invitati a fare la loro parte con responsabilit\u00e0 e con provvedimenti di prevenzione adeguati. I possessori di armi sono stati invitati a seguire la normativa vigente per quanto concerne la loro custodia nelle loro abitazioni, con le appropriate difese anti furto prescritte dalle autorit\u00e0. Dopo esserci confrontati con i responsabili di carabinieri e polizia, abbiamo fortemente raccomandato , ancora una volta, di ricorrere sempre a ogni forma di auto tutela e auto protezione, dal dotarsi di sistemi di allarme alle porte blindate, senza lasciare finestre o porte aperte, come \u00e8 avvenuto in alcuni episodi&#8221;.<\/p>\n<p>&#8220;Inoltre &#8211; aggiunge Canepa &#8211; si \u00e8 sottolineata l&#8217;importanza fondamentale della collaborazione da parte dei cittadini: nessuno conosce il territorio meglio di chi lo vive, dunque ogni iniziativa organizzata dalla comunit\u00e0, per quanto concerne l&#8217;informazione e la segnalazione di movimenti sospetti o altre anomalie, \u00e8 pi\u00f9 che benvenuta. Altri generi di iniziative a carattere privato, non previste\u00a0dalla legge, rischierebbero di rappresentare un pericolo, pi\u00f9 che un servizio a garanzia della sicurezza&#8221;.<\/p>\n<p>&#8220;Serve mantenere alta l&#8217;attenzione per contenere e contrastare il fenomeno. E ringraziamo i rappresentanti dei borghi Barusso, Coscia, U Massatoio, e delle frazioni Caso, Moglio e Solva per l&#8217;importante contributo e spirito collaborativo nell&#8217;affrontare il problema&#8221;, conclude Enzo Canepa.<\/p>\n","protected":false},"excerpt":{"rendered":"<p>Canepa: &#8220;Mantenere alta l&#8217;attenzione per contrastare il fenomeno&#8221;<\/p>\n","protected":false},"author":12120,"featured_media":0,"comment_status":"open","ping_status":"closed","sticky":false,"template":"","format":"standard","meta":{"footnotes":""},"categories":[45296,31],"tags":[228,4866,55220,183],"class_list":["post-310399","post","type-post","status-publish","format-standard","hentry","category-copertina","category-politica","tag-carabinieri","tag-polizia-di-stato","tag-polizia-municipale-alassio","tag-sicurezza","post_cat_citta-alassio","post_tag_personaggi-adriano-tarparelli","post_tag_personaggi-enzo-canepa-2"],"amp_validity":null,"amp_enabled":true,"_links":{"self":[{"href":"https:\/\/staging.ivg.it\/ediapi\/wp\/v2\/posts\/310399","targetHints":{"allow":["GET"]}}],"collection":[{"href":"https:\/\/staging.ivg.it\/ediapi\/wp\/v2\/posts"}],"about":[{"href":"https:\/\/staging.ivg.it\/ediapi\/wp\/v2\/types\/post"}],"author":[{"embeddable":true,"href":"https:\/\/staging.ivg.it\/ediapi\/wp\/v2\/users\/12120"}],"replies":[{"embeddable":true,"href":"https:\/\/staging.ivg.it\/ediapi\/wp\/v2\/comments?post=310399"}],"version-history":[{"count":0,"href":"https:\/\/staging.ivg.it\/ediapi\/wp\/v2\/posts\/310399\/revisions"}],"wp:attachment":[{"href":"https:\/\/staging.ivg.it\/ediapi\/wp\/v2\/media?parent=310399"}],"wp:term":[{"taxonomy":"category","embeddable":true,"href":"https:\/\/staging.ivg.it\/ediapi\/wp\/v2\/categories?post=310399"},{"taxonomy":"post_tag","embeddable":true,"href":"https:\/\/staging.ivg.it\/ediapi\/wp\/v2\/tags?post=310399"}],"curies":[{"name":"wp","href":"https:\/\/api.w.org\/{rel}","templated":true}]}}