{"id":310075,"date":"2016-01-11T09:37:31","date_gmt":"2016-01-11T08:37:31","guid":{"rendered":"http:\/\/www.ivg.it\/?p=310075"},"modified":"2016-01-11T09:37:31","modified_gmt":"2016-01-11T08:37:31","slug":"fruttital-sale-la-tensione-nuovo-presidio-il-tempo-e-quasi-scaduto","status":"publish","type":"post","link":"https:\/\/staging.ivg.it\/2016\/01\/fruttital-sale-la-tensione-nuovo-presidio-il-tempo-e-quasi-scaduto\/","title":{"rendered":"Fruttital sale la tensione, nuovo presidio: &#8220;Il tempo \u00e8 quasi scaduto&#8221;"},"content":{"rendered":"<p><strong>Albenga<\/strong>. Il tempo a disposizione ormai \u00e8 scaduto e la preoccupazione aumenta. Questa mattina, dalle 9, i lavoratori Fruttital sono tornati in presidio davanti ai magazzini del Polo 90 di Albenga per far sentire la loro voce.<\/p>\n<p>La situazione dei dipendenti dell&#8217;azienda ingauna \u00e8 particorlarmente difficile: da marzo 2015 sono collocati in mobilit\u00e0 e, per ora, non \u00e8 ancora chiaro quale sar\u00e0 il loro destino.<\/p>\n<p>&#8220;Il tempo \u00e8 quasi scaduto, alcuni lavoratori a breve non percepiranno pi\u00f9 l&#8217;indennit\u00e0 di mobilit\u00e0. Il presidio di stamane testimonia non solo preoccupazione ma anche rammarico perch\u00e8, quanto previsto dal Protocollo di Intesa siglato nel dicembre 2014 per la ricollocazione del personale ex Fruttital nelle attivit\u00e0 prospettate sul territorio ingauno, pare non concretizzarsi nonostante il continuo impegno del Comune di Albenga&#8221; spiegano Cristiano Ghiglia della Filcams Cgil Savona, Luca Marcesini e Roberto Scotto della Rsu. <\/p>\n<p>&#8220;Il Gf Group non ha ancora chiarito in merito a possibili reinsediamenti di attivit\u00e0 negli spazi non occupati dalla Laerh, la Provincia non ha ancora ufficializzato l&#8217;incontro istituzionale previsto entro la fine di gennaio come concordato a novembre scorso. La Regione latita, non ha ancora confermato gli investimenti utili alla formazione e riqualificazione del personale propri di progetto generale condiviso. In assenza di riscontro non escludiamo di organizzare ulteriori presidi di protesta. Sono necessarie risposte serie, ognuno si assuma le proprie responsabilit\u00e0&#8221; concludono Ghiglia, Marcesini e Scotto che si aspettano di ricevere in tempi stretti risposte concrete.<\/p>\n","protected":false},"excerpt":{"rendered":"<p>I lavoratori sono pronti ad avviare una serie di proteste ad oltranza, i sindacati invocano risposte: &#8220;Il protocollo d&#8217;intesa non viene rispettato&#8221;<\/p>\n","protected":false},"author":2394,"featured_media":0,"comment_status":"open","ping_status":"closed","sticky":false,"template":"","format":"standard","meta":{"footnotes":""},"categories":[45296,35],"tags":[56798,26724],"class_list":["post-310075","post","type-post","status-publish","format-standard","hentry","category-copertina","category-economia","tag-ex-fruttital","tag-fruttital","post_cat_citta-albenga","post_tag_personaggi-cristiano-ghiglia-2","post_tag_personaggi-luca-marcesini"],"amp_validity":null,"amp_enabled":true,"_links":{"self":[{"href":"https:\/\/staging.ivg.it\/ediapi\/wp\/v2\/posts\/310075","targetHints":{"allow":["GET"]}}],"collection":[{"href":"https:\/\/staging.ivg.it\/ediapi\/wp\/v2\/posts"}],"about":[{"href":"https:\/\/staging.ivg.it\/ediapi\/wp\/v2\/types\/post"}],"author":[{"embeddable":true,"href":"https:\/\/staging.ivg.it\/ediapi\/wp\/v2\/users\/2394"}],"replies":[{"embeddable":true,"href":"https:\/\/staging.ivg.it\/ediapi\/wp\/v2\/comments?post=310075"}],"version-history":[{"count":0,"href":"https:\/\/staging.ivg.it\/ediapi\/wp\/v2\/posts\/310075\/revisions"}],"wp:attachment":[{"href":"https:\/\/staging.ivg.it\/ediapi\/wp\/v2\/media?parent=310075"}],"wp:term":[{"taxonomy":"category","embeddable":true,"href":"https:\/\/staging.ivg.it\/ediapi\/wp\/v2\/categories?post=310075"},{"taxonomy":"post_tag","embeddable":true,"href":"https:\/\/staging.ivg.it\/ediapi\/wp\/v2\/tags?post=310075"}],"curies":[{"name":"wp","href":"https:\/\/api.w.org\/{rel}","templated":true}]}}