{"id":309092,"date":"2015-12-23T18:25:39","date_gmt":"2015-12-23T17:25:39","guid":{"rendered":"http:\/\/www.ivg.it\/?p=309092"},"modified":"2015-12-23T19:17:34","modified_gmt":"2015-12-23T18:17:34","slug":"savona-palle-di-natale-in-piazza-sisto-torna-liniziativa-di-protesta-dei-grillini","status":"publish","type":"post","link":"https:\/\/staging.ivg.it\/2015\/12\/savona-palle-di-natale-in-piazza-sisto-torna-liniziativa-di-protesta-dei-grillini\/","title":{"rendered":"Savona, &#8220;palle&#8221; di Natale in piazza Sisto: torna l&#8217;iniziativa di protesta dei grillini"},"content":{"rendered":"<p><strong>Savona.<\/strong> Anche quest\u2019anno si \u00e8 ripetuta la singolare iniziativa del Movimento 5 Stelle di Savona, addobbando l\u2019albero di Natale di Piazza Sisto con \u201cle tante falsit\u00e0 che l&#8217;amministrazione della nostra citt\u00e0 spaccia per vere ai cittadini\u201d: grosse \u201cpalle\u201d di Natale con delle scritte e degli slogan ironici rivolti al governo cittadino.<\/p>\n<p>Diverse le scritte riportate sulla palle di Natale addobbate dai grillini: \u201cCon la chiusura della centrale a carbone l&#8217;aria non \u00e8 migliorata\u201d, o ancora \u201cIl PD si \u00e8 opposto al deposito di bitume in porto\u201d, oppure \u201cNessuna societ\u00e0 pubblica ha mai avuto sedi in paradisi fiscali\u201d. Altre frasi: \u201cL&#8217;investimento del Comune sui derivati \u00e8 sicuro\u201d; \u201cA Savona ci sono pochi alloggi sfitti, fame di nuove case di lusso\u201d; \u201cL&#8217;Aurelia bis sar\u00e0 pronta nel 2015\u201d; \u201cLe navi da crociere in porto inquinano pochissimo\u201d; \u201cA Savona la &#8216;ndrangheta non esiste\u201d; \u201cLa municipalizzata ATA \u00e8 ben gestita\u201d; \u201cTranquilli: l&#8217;autorit\u00e0 Portuale rimarr\u00e0 a Savona\u201d; \u201cL&#8217;aumento della TASI \u00e8 minimo\u201d; \u201cMai useremmo Villa Zanelli per fini elettorali\u201d; \u201cLa giunta non vuole il porto turistico alla Margonara\u201d; \u201cMuseo archeologico, forni crematori, secondo lotto delle piscine: tutti appalti ben gestiti\u201d e ancora: \u201cNessun aumento di volumi edilizi sul mare\u201d.<\/p>\n<p>\u201cVolevamo ripetere questa iniziativa di protesta per far capire ancora una volta ai savonesi le bugie che raccontano dal Comune e le prese in giro nei confronti dei cittadini, come sui livelli di qualit\u00e0 dell\u2019aria, sulla viabilit\u00e0 e sulle nuove costruzioni e opere che ha pianificato questa amministrazione comunale, senza contare la questione dei rifiuti e dei servizi per la citt\u00e0\u201d afferma il portavoce del Movimento 5 Stelle Eric Festa.<\/p>\n<p>Il vicesindaco Di Tullio, di fronte all&#8217;iniziativa dei pentastellati, ha preferito il silenzio o quasi: &#8220;Non voglio scendere nella discussione sulle varie contestazioni politiche fatte nelle scritte, dico per\u00f2 che l&#8217;iniziativa mi sembra fuori luogo. L&#8217;albero di Natale, da sempre, \u00e8 un simbolo di pace e unit\u00e0, un messaggio positivo senza colori e senza polemiche: appropriarsene e &#8216;sporcarlo&#8217; per fini politici \u00e8 abbastanza triste&#8221;.<\/p>\n","protected":false},"excerpt":{"rendered":"<p>Savona. Anche quest\u2019anno si \u00e8 ripetuta la singolare iniziativa del Movimento 5 Stelle di Savona, addobbando l\u2019albero di Natale di Piazza Sisto con \u201cle tante falsit\u00e0 che l&#8217;amministrazione della nostra citt\u00e0 spaccia per vere ai cittadini\u201d: grosse \u201cpalle\u201d di Natale con delle scritte e degli slogan ironici rivolti al governo cittadino. Diverse le scritte riportate [&hellip;]<\/p>\n","protected":false},"author":4,"featured_media":0,"comment_status":"open","ping_status":"closed","sticky":false,"template":"","format":"standard","meta":{"footnotes":""},"categories":[45296,31],"tags":[44585,64904],"class_list":["post-309092","post","type-post","status-publish","format-standard","hentry","category-copertina","category-politica","tag-m5s","tag-movimento-5-stelle-savona","post_cat_citta-savona","post_tag_personaggi-eric-festa"],"amp_validity":null,"amp_enabled":true,"_links":{"self":[{"href":"https:\/\/staging.ivg.it\/ediapi\/wp\/v2\/posts\/309092","targetHints":{"allow":["GET"]}}],"collection":[{"href":"https:\/\/staging.ivg.it\/ediapi\/wp\/v2\/posts"}],"about":[{"href":"https:\/\/staging.ivg.it\/ediapi\/wp\/v2\/types\/post"}],"author":[{"embeddable":true,"href":"https:\/\/staging.ivg.it\/ediapi\/wp\/v2\/users\/4"}],"replies":[{"embeddable":true,"href":"https:\/\/staging.ivg.it\/ediapi\/wp\/v2\/comments?post=309092"}],"version-history":[{"count":0,"href":"https:\/\/staging.ivg.it\/ediapi\/wp\/v2\/posts\/309092\/revisions"}],"wp:attachment":[{"href":"https:\/\/staging.ivg.it\/ediapi\/wp\/v2\/media?parent=309092"}],"wp:term":[{"taxonomy":"category","embeddable":true,"href":"https:\/\/staging.ivg.it\/ediapi\/wp\/v2\/categories?post=309092"},{"taxonomy":"post_tag","embeddable":true,"href":"https:\/\/staging.ivg.it\/ediapi\/wp\/v2\/tags?post=309092"}],"curies":[{"name":"wp","href":"https:\/\/api.w.org\/{rel}","templated":true}]}}