{"id":308831,"date":"2015-12-20T14:47:06","date_gmt":"2015-12-20T13:47:06","guid":{"rendered":"http:\/\/www.ivg.it\/?p=308831"},"modified":"2015-12-20T15:03:45","modified_gmt":"2015-12-20T14:03:45","slug":"depurazione-in-consiglio-comunale-ad-albenga-minoranza-un-ecomostro-a-due-passi-da-mare","status":"publish","type":"post","link":"https:\/\/staging.ivg.it\/2015\/12\/depurazione-in-consiglio-comunale-ad-albenga-minoranza-un-ecomostro-a-due-passi-da-mare\/","title":{"rendered":"Depurazione in Consiglio comunale ad Albenga, minoranza: &#8220;Un ecomostro a due passi da mare&#8221;"},"content":{"rendered":"<p><strong>Albenga.<\/strong> Grande fermento e tensione per il Consiglio comunale di Albenga che si terr\u00e0 domani sera a Palazzo civico alle ore 21:00. All&#8217;ordine del giorno, oltre alla mozione a firma dei consiglieri di Forza Italia Ciangherotti e Perrone per impegnare l&#8217;amministrazione comunale ad approvare un Regolamento per il funzionamento e la gestione del cimitero per animali d&#8217;affezione, c&#8217;\u00e8 l&#8217;attesa discussione sull&#8217;argomento del depuratore, oggetto della richiesta di convocazione straordinaria del Consiglio comunale presentata dai 4 consiglieri d&#8217;opposizione (Ciangherotti, Guarnieri, Perrone e Porro).<\/p>\n<p>&#8220;Invitiamo tutti i cittadini interessati a partecipare alla seduta pubblica del Consiglio, perch\u00e9 domani sera si definiranno le responsabilit\u00e0 in capo all&#8217;amministrazione comunale di quel ecomostro in riva al mare, che nelle giornate di cielo terso sar\u00e0 visibile dalla Corsica&#8221;. <\/p>\n<p>&#8220;Cos\u00ec infatti, nelle scorse settimane, era stato definito dal Comitato territoriale il parallelepipedo di cemento lungo 76 metri, largo 36 ed alto 7 (e altri 5 metri interrati) sistemato in regione Antognano sul ciglio di viale Che Guevara. Cio\u00e8 a 10 metri dal mare, perfettamente al centro della piana agricola e nel pieno di una zona di 7 o 8 ettari che \u00e8 probabilmente l&#8217;area costiera meno edificata di tutta la Liguria, ma che \u00e8 ricca di aziende agricole ed \u00e8 circondata da importanti nuclei abitativi&#8221; sottolinea l&#8217;opposizione albenganese.<\/p>\n","protected":false},"excerpt":{"rendered":"<p>Albenga. Grande fermento e tensione per il Consiglio comunale di Albenga che si terr\u00e0 domani sera a Palazzo civico alle ore 21:00. All&#8217;ordine del giorno, oltre alla mozione a firma dei consiglieri di Forza Italia Ciangherotti e Perrone per impegnare l&#8217;amministrazione comunale ad approvare un Regolamento per il funzionamento e la gestione del cimitero per [&hellip;]<\/p>\n","protected":false},"author":4,"featured_media":0,"comment_status":"open","ping_status":"closed","sticky":false,"template":"","format":"standard","meta":{"footnotes":""},"categories":[45296,31],"tags":[55094,78366,1589],"class_list":["post-308831","post","type-post","status-publish","format-standard","hentry","category-copertina","category-politica","tag-consiglio-comunale-albenga","tag-depuratore-albenga","tag-depurazione","post_cat_citta-albenga","post_tag_personaggi-eraldo-ciangherotti-2","post_tag_personaggi-rosy-guarnieri"],"amp_validity":null,"amp_enabled":true,"_links":{"self":[{"href":"https:\/\/staging.ivg.it\/ediapi\/wp\/v2\/posts\/308831","targetHints":{"allow":["GET"]}}],"collection":[{"href":"https:\/\/staging.ivg.it\/ediapi\/wp\/v2\/posts"}],"about":[{"href":"https:\/\/staging.ivg.it\/ediapi\/wp\/v2\/types\/post"}],"author":[{"embeddable":true,"href":"https:\/\/staging.ivg.it\/ediapi\/wp\/v2\/users\/4"}],"replies":[{"embeddable":true,"href":"https:\/\/staging.ivg.it\/ediapi\/wp\/v2\/comments?post=308831"}],"version-history":[{"count":0,"href":"https:\/\/staging.ivg.it\/ediapi\/wp\/v2\/posts\/308831\/revisions"}],"wp:attachment":[{"href":"https:\/\/staging.ivg.it\/ediapi\/wp\/v2\/media?parent=308831"}],"wp:term":[{"taxonomy":"category","embeddable":true,"href":"https:\/\/staging.ivg.it\/ediapi\/wp\/v2\/categories?post=308831"},{"taxonomy":"post_tag","embeddable":true,"href":"https:\/\/staging.ivg.it\/ediapi\/wp\/v2\/tags?post=308831"}],"curies":[{"name":"wp","href":"https:\/\/api.w.org\/{rel}","templated":true}]}}