{"id":308369,"date":"2015-12-14T23:18:49","date_gmt":"2015-12-14T22:18:49","guid":{"rendered":"http:\/\/www.ivg.it\/?p=308369"},"modified":"2015-12-14T23:46:42","modified_gmt":"2015-12-14T22:46:42","slug":"il-finale-vince-mentre-ladmo-prende-la-testa","status":"publish","type":"post","link":"https:\/\/staging.ivg.it\/2015\/12\/il-finale-vince-mentre-ladmo-prende-la-testa\/","title":{"rendered":"Il Finale vince, mentre l&#8217;Admo prende la testa"},"content":{"rendered":"<p><strong>Savona<\/strong>. <strong>Il Cus Genova affronta il turno di riposo e cede la testa della classifica all\u2019Admo volley<\/strong>: cos\u00ec \u00e8 andato il weekend della Serie C maschile di pallavolo in Liguria, mentre le difficolt\u00e0 logistiche frenano il Volley Primavera per le partite casalinghe.<\/p>\n<p>La sesta giornata sancisce il passaggio in vetta alla Serie C dell\u2019<strong>Admo volley, che nella trasferta di Sanremo ha travolto la Grafiche Amadeo Sanremo<\/strong> con un netto 3-0. Tre set sono stati sufficienti per la nuova capolista, anche se ha il vantaggio della gara in pi\u00f9 a mantenerla in testa.<\/p>\n<p>Identico risultati in casa per la Pallavolo Avis Turistar; <strong>il team spezzino ha avuto bisogno di soli tre set per incassare i tre punti<\/strong>, superando senza apparenti grandi difficolt\u00e0 una Spinnaker volley sottotono. Il terzo posto \u00e8 ora una sicurezza, mentre la lotta per la testa rimane apparentemente fuori portata.<\/p>\n<p>Nella terza gara della giornata, l\u2019ultima disputata domenica sera a Finale Ligure,<strong> i gialloblu padroni di casa hanno superato in quattro set la Acli Santa Sabina<\/strong>; i genovesi hanno conquistato il terzo set, ma il 3-1 \u00e8 stato comunque netto.<\/p>\n<p><strong>A Imperia permangono i problemi all&#8217;impianto<\/strong> utilizzato dal Volley Primavera, che non ha potuto disputare l&#8217;incontro programmato; la Federazione, accogliendo la richiesta dei padroni di casa, ha rinviato il match con la Colombo Genova, nell&#8217;attesa che la situazione si sblocchi o che si trovi un nuovo impianto. <strong>Nel prossino weekend il Cus torner\u00e0 in campo<\/strong> e affronter\u00e0 ad Albaro la Avis Turistar, cewrcando di riconquistare il primo posto proprio mentre la Admo sar\u00e0 invece a riposo.<\/p>\n","protected":false},"excerpt":{"rendered":"<p>Savona. Il Cus Genova affronta il turno di riposo e cede la testa della classifica all\u2019Admo volley: cos\u00ec \u00e8 andato il weekend della Serie C maschile di pallavolo in Liguria, mentre le difficolt\u00e0 logistiche frenano il Volley Primavera per le partite casalinghe. La sesta giornata sancisce il passaggio in vetta alla Serie C dell\u2019Admo volley, [&hellip;]<\/p>\n","protected":false},"author":12631,"featured_media":0,"comment_status":"open","ping_status":"closed","sticky":false,"template":"","format":"standard","meta":{"footnotes":""},"categories":[399,32],"tags":[4104,11851,17904,85997,67909,2066,78165,2518,67910],"class_list":["post-308369","post","type-post","status-publish","format-standard","hentry","category-pallavolo","category-sport","tag-classifica","tag-cus-genova","tag-maschile","tag-pallavolo","tag-santa-sabina","tag-serie-c","tag-sesta-giornata","tag-volley","tag-volley-primavera","post_cat_citta-albisola-superiore","post_cat_citta-albissola-marina","post_cat_citta-finale-ligure"],"amp_validity":null,"amp_enabled":true,"_links":{"self":[{"href":"https:\/\/staging.ivg.it\/ediapi\/wp\/v2\/posts\/308369","targetHints":{"allow":["GET"]}}],"collection":[{"href":"https:\/\/staging.ivg.it\/ediapi\/wp\/v2\/posts"}],"about":[{"href":"https:\/\/staging.ivg.it\/ediapi\/wp\/v2\/types\/post"}],"author":[{"embeddable":true,"href":"https:\/\/staging.ivg.it\/ediapi\/wp\/v2\/users\/12631"}],"replies":[{"embeddable":true,"href":"https:\/\/staging.ivg.it\/ediapi\/wp\/v2\/comments?post=308369"}],"version-history":[{"count":0,"href":"https:\/\/staging.ivg.it\/ediapi\/wp\/v2\/posts\/308369\/revisions"}],"wp:attachment":[{"href":"https:\/\/staging.ivg.it\/ediapi\/wp\/v2\/media?parent=308369"}],"wp:term":[{"taxonomy":"category","embeddable":true,"href":"https:\/\/staging.ivg.it\/ediapi\/wp\/v2\/categories?post=308369"},{"taxonomy":"post_tag","embeddable":true,"href":"https:\/\/staging.ivg.it\/ediapi\/wp\/v2\/tags?post=308369"}],"curies":[{"name":"wp","href":"https:\/\/api.w.org\/{rel}","templated":true}]}}