{"id":308170,"date":"2015-12-11T18:18:28","date_gmt":"2015-12-11T17:18:28","guid":{"rendered":"http:\/\/www.ivg.it\/?p=308170"},"modified":"2015-12-12T17:17:27","modified_gmt":"2015-12-12T16:17:27","slug":"sindaci-uniti-a-difesa-dellospedale-la-regione-venga-qui-a-dirci-la-verita","status":"publish","type":"post","link":"https:\/\/staging.ivg.it\/2015\/12\/sindaci-uniti-a-difesa-dellospedale-la-regione-venga-qui-a-dirci-la-verita\/","title":{"rendered":"Sindaci uniti a difesa della sanit\u00e0 albenganese: &#8220;La Regione venga qui a dirci la verit\u00e0&#8221;"},"content":{"rendered":"<p><strong>Albenga.<\/strong> \u201cUna <strong>bella risposta dei sindaci e del territorio,<\/strong> dobbiamo parlare con <strong>una sole voce<\/strong> e far sentire il nostro disagio e il nostro grido d&#8217;allarme: siamo uniti e compatti, al di l\u00e0 delle appartenenze politiche, nel chiedere <strong>risposte alla Regione Liguria in termini di tutela della salute dei cittadini, della sanit\u00e0 albenganese e dei posti di lavoro<\/strong>\u201d. Lo ha detto oggi il <strong>sindaco di Albenga Giorgio Cangiano<\/strong> durante la <strong>manifestazione a difesa dell\u2019ospedale di Albenga in corso in piazza Petrarca<\/strong>: almeno duecento le persone che hanno preso parte alla protesta pubblica per salvaguardare la sanit\u00e0 albenganese.<\/p>\n<p>La manifestazione \u00e8 stata sostenuta dall&#8217;ex presidente della pubblica assistenza ingauna Dino Ardoino, oltre che da altre associazioni cittadine preoccupate per le sorti della sanit\u00e0 albenganese. E, naturalmente, organizzazioni sindacali e lavoratori della sanit\u00e0. In piazza anche la <strong>comunit\u00e0 musulmana<\/strong> con un cartello: <strong>&#8220;No alla chiusura del reparto Gsl&#8221;. <\/strong><\/p>\n<p>Prima della <strong>manifestazione &#8220;pro-ospedale&#8221;<\/strong> in piazza vertice tra i sindaci dell&#8217;albenganese nella sala consiliare del Comune ingauno: \u201c<strong>L\u2019assessore Viale deve venire qui ad Albenga in una Conferenza dei sindaci<\/strong>\u00a0per spiegare le reali motivazioni della chiusura di Gsl e delle pesanti conseguenze per la nostra sanit\u00e0 e per l&#8217;occupazione di tutto il comprensorio ingauno\u201d sottolinea ancora Cangiano.<\/p>\n<p>\u201cIn gioco <strong>interessi collettivi molto importanti<\/strong> e ci attendiamo un <strong>confronto diretto con la Regione<\/strong>: l\u2019incontro dovr\u00e0 avvenire in tempi brevissimi, anche perch\u00e9 questo territorio deve avere certezze sui servizi sanitari e sul futuro dello stesso ospedale\u201d afferma il <strong>presidente della Provincia di Savona Monica Giuliano, <\/strong>che ha voluto rappresentare la preoccupazione di tutto il savonese.<\/p>\n","protected":false},"excerpt":{"rendered":"<p>Manifestazione &#8220;pro-ospedale&#8221; in piazza Petrarca ad Albenga: sindaci, associazioni, sindacati e cittadini<\/p>\n","protected":false},"author":4,"featured_media":0,"comment_status":"open","ping_status":"closed","sticky":false,"template":"","format":"standard","meta":{"footnotes":""},"categories":[45296,34,31],"tags":[44835,54515,300],"class_list":["post-308170","post","type-post","status-publish","format-standard","hentry","category-copertina","category-cronaca","category-politica","tag-gsl","tag-gsl-albenga","tag-ospedale-albenga","post_cat_citta-albenga","post_tag_personaggi-giorgio-cangiano-2","post_tag_personaggi-monica-giuliano"],"amp_validity":null,"amp_enabled":true,"_links":{"self":[{"href":"https:\/\/staging.ivg.it\/ediapi\/wp\/v2\/posts\/308170","targetHints":{"allow":["GET"]}}],"collection":[{"href":"https:\/\/staging.ivg.it\/ediapi\/wp\/v2\/posts"}],"about":[{"href":"https:\/\/staging.ivg.it\/ediapi\/wp\/v2\/types\/post"}],"author":[{"embeddable":true,"href":"https:\/\/staging.ivg.it\/ediapi\/wp\/v2\/users\/4"}],"replies":[{"embeddable":true,"href":"https:\/\/staging.ivg.it\/ediapi\/wp\/v2\/comments?post=308170"}],"version-history":[{"count":0,"href":"https:\/\/staging.ivg.it\/ediapi\/wp\/v2\/posts\/308170\/revisions"}],"wp:attachment":[{"href":"https:\/\/staging.ivg.it\/ediapi\/wp\/v2\/media?parent=308170"}],"wp:term":[{"taxonomy":"category","embeddable":true,"href":"https:\/\/staging.ivg.it\/ediapi\/wp\/v2\/categories?post=308170"},{"taxonomy":"post_tag","embeddable":true,"href":"https:\/\/staging.ivg.it\/ediapi\/wp\/v2\/tags?post=308170"}],"curies":[{"name":"wp","href":"https:\/\/api.w.org\/{rel}","templated":true}]}}