{"id":308130,"date":"2015-12-11T12:01:46","date_gmt":"2015-12-11T11:01:46","guid":{"rendered":"http:\/\/www.ivg.it\/?p=308130"},"modified":"2015-12-11T12:15:50","modified_gmt":"2015-12-11T11:15:50","slug":"sostenere-i-consumi-natalizi-a-pietra-ligure-settimana-della-convenienza","status":"publish","type":"post","link":"https:\/\/staging.ivg.it\/2015\/12\/sostenere-i-consumi-natalizi-a-pietra-ligure-settimana-della-convenienza\/","title":{"rendered":"Sostenere i consumi natalizi: a Pietra Ligure &#8220;Settimana della convenienza&#8221;"},"content":{"rendered":"<p><strong>Pietra L.<\/strong> Contro la crisi economica il Comune di Pietra Ligure una campagna di sostegno al consumo per le famiglie e i concittadini. Da Luned\u00ec 14 dicembre a Domenica 20 dicembre, sotto il patrocinio dell\u2019Assessorato alle Attivit\u00e0 Produttive, inizier\u00e0 la \u201cSettimana della convenienza a Pietra Ligure\u201d. I tanti negozi che aderiscono all&#8217;iniziativa esporranno un riconoscibile adesivo con il logo della manifestazione ed applicheranno sconti dal 20% su tutti gli articoli in promozione.<\/p>\n<p>\u201cCon il perdurare di questo straordinario periodo di crisi economica, la maggior parte delle nostre sicurezze di cittadini \u00e8 stata messa in discussione. La crisi economica aggrava il disagio sociale e provoca numerose difficolt\u00e0 per molte famiglie che fanno fatica ad arrivare a fine mese. Questo comporta inevitabili ripercussioni nelle attivit\u00e0 commerciali che in questi anni hanno visto diminuire il loro volume d\u2019affari\u201d afferma il vice sindaco di Pietra Ligure Ugo Foscolo.<\/p>\n<p>\u201cQuesta riflessione \u00e8 stata pienamente condivisa dall&#8217;Amministrazione comunale che, nell&#8217;ottica di promuovere azioni concrete sul territorio, ha deciso all&#8217;unanimit\u00e0 di organizzare una campagna di sostegno al consumo per le famiglie e i concittadini del nostro Comune\u201d.<\/p>\n<p>\u201cL\u2019idea \u00e8 pensare a Pietra Ligure come citt\u00e0 della qualit\u00e0 e della convenienza, favorendo i consumi dei nostri concittadini nelle attivit\u00e0 presenti sul territorio e attraverso una comunicazione mirata, attirare anche l\u2019interesse dei cittadini dei comuni limitrofi come un ulteriore risorsa di promozione per tutti gli esercizi commerciali pietresi\u201d.<\/p>\n","protected":false},"excerpt":{"rendered":"<p>Pietra L. Contro la crisi economica il Comune di Pietra Ligure una campagna di sostegno al consumo per le famiglie e i concittadini. Da Luned\u00ec 14 dicembre a Domenica 20 dicembre, sotto il patrocinio dell\u2019Assessorato alle Attivit\u00e0 Produttive, inizier\u00e0 la \u201cSettimana della convenienza a Pietra Ligure\u201d. I tanti negozi che aderiscono all&#8217;iniziativa esporranno un riconoscibile [&hellip;]<\/p>\n","protected":false},"author":4,"featured_media":0,"comment_status":"open","ping_status":"closed","sticky":false,"template":"","format":"standard","meta":{"footnotes":""},"categories":[45296,35],"tags":[12694],"class_list":["post-308130","post","type-post","status-publish","format-standard","hentry","category-copertina","category-economia","tag-comune-pietra-ligure","post_cat_citta-pietra-ligure","post_tag_personaggi-sara-foscolo"],"amp_validity":null,"amp_enabled":true,"_links":{"self":[{"href":"https:\/\/staging.ivg.it\/ediapi\/wp\/v2\/posts\/308130","targetHints":{"allow":["GET"]}}],"collection":[{"href":"https:\/\/staging.ivg.it\/ediapi\/wp\/v2\/posts"}],"about":[{"href":"https:\/\/staging.ivg.it\/ediapi\/wp\/v2\/types\/post"}],"author":[{"embeddable":true,"href":"https:\/\/staging.ivg.it\/ediapi\/wp\/v2\/users\/4"}],"replies":[{"embeddable":true,"href":"https:\/\/staging.ivg.it\/ediapi\/wp\/v2\/comments?post=308130"}],"version-history":[{"count":0,"href":"https:\/\/staging.ivg.it\/ediapi\/wp\/v2\/posts\/308130\/revisions"}],"wp:attachment":[{"href":"https:\/\/staging.ivg.it\/ediapi\/wp\/v2\/media?parent=308130"}],"wp:term":[{"taxonomy":"category","embeddable":true,"href":"https:\/\/staging.ivg.it\/ediapi\/wp\/v2\/categories?post=308130"},{"taxonomy":"post_tag","embeddable":true,"href":"https:\/\/staging.ivg.it\/ediapi\/wp\/v2\/tags?post=308130"}],"curies":[{"name":"wp","href":"https:\/\/api.w.org\/{rel}","templated":true}]}}