{"id":307955,"date":"2015-12-09T13:23:49","date_gmt":"2015-12-09T12:23:49","guid":{"rendered":"http:\/\/www.ivg.it\/?p=307955"},"modified":"2015-12-09T14:46:37","modified_gmt":"2015-12-09T13:46:37","slug":"albenga-ciangherotti-contro-vespo-cade-e-chiede-i-danni-al-comune-ma-non-puo-farlo-deve-dimettersi","status":"publish","type":"post","link":"https:\/\/staging.ivg.it\/2015\/12\/albenga-ciangherotti-contro-vespo-cade-e-chiede-i-danni-al-comune-ma-non-puo-farlo-deve-dimettersi\/","title":{"rendered":"Albenga, Ciangherotti contro Vespo: &#8220;Cade e chiede i danni al Comune ma non pu\u00f2 farlo: deve dimettersi&#8221;"},"content":{"rendered":"<p><strong>Albenga<\/strong>. \u201cO fa dietrofront sul piano legale o si dimette\u201d. Si arricchisce di un nuovo capitolo l&#8217;eterna querelle tra l&#8217;assessore ai servizi sociali di Albenga Simona Vespo e il suo predecessore (e ora consigliere di minoranza di Forza Italia) Eraldo Ciangherotti.<\/p>\n<p>Stavolta a innescare l&#8217;ennesima diatriba sono le \u201cconseguenze legali\u201d della disavventura occorsa la scorsa primavera all&#8217;attuale assessore: \u201cIl 3 aprile \u2013 ricorda Ciangherotti \u2013 Simona Vespo \u00e8 inciampata e caduta a causa di una buca in via Piave a Vadino. Il 12 novembre ha presentato al sindaco Giorgio Cangiano una nota legale ufficiale per chiedere un risarcimento di tutti i danni subiti e subendi. Ma per l&#8217;occasione Simona Vespo si \u00e8 dimenticata di essere assessore ai servizi sociali\u201d.<\/p>\n<p>Secondo Ciangherotti \u201cle due cose sono incompatibili, perch\u00e9 il testo unico delle norme in materia di enti locali prevede ovviamente l&#8217;incompatibilit\u00e0 per coloro che ricoprono una carica pubblica e allo stesso tempo promuovono un&#8217;azione legale nei confronti dello stesso ente\u201d.<\/p>\n<p>\u201cPer questo \u2013 prosegue Ciangherotti \u2013 invitiamo l&#8217;assessore, entro ventiquattro ore, a scegliere: faccia dietrofront sul piano legale con una lettera al sindaco per rinunciare alla richiesta di risarcimento danni o si dimetta dalla carica di assessore. Decida in fretta prima che, all&#8217;ordine del giorno del prossimo consiglio comunale, venga iscritta la nostra proposta per l&#8217;avvio del procedimento di incompatibilit\u00e0 nei suoi confronti: di fatto, senza un suo passo indietro, i colleghi consiglieri potrebbero votare la decadenza ed estrometterla dal parlamentino ingauno e il voto contrario ad una pratica del genere parrebbe davvero un modo arbitrario di aggirare la legge\u201d.<\/p>\n<p>E poi, rivolgendosi al primo cittadino, il forzista afferma: \u201cSindaco Cangiano, lei \u00e8 prima di tutto avvocato. Ci stupisce che a palazzo civico, avvengano dei &#8216;mastrussi&#8217; del genere (anche se il Partito Democratico di Albenga \u00e8 noto e conosciuto per questa facile inclinazione). Qui non si tratta, per\u00f2, di truschini da cambusieri ad una qualunque festa dell&#8217;Unit\u00e0, qui c&#8217;\u00e8 di mezzo la sua credibilit\u00e0 di amministratore onesto. Lei, avvocato Cangiano, risulta essere uno dei 75 sindaci italiani e dei 6 liguri che ha ricevuto, all&#8217;inizio del suo mandato,\u00a0il braccialetto bianco di Libera, per aver sottoscritto la campagna &#8216;Riparte il futuro&#8217; sulla trasparenza\u201d.<\/p>\n<p>Ma non finisce qui: \u201cA palazzo civico gira gi\u00e0 voce che per Simona Vespo, in quanto assessore, \u00e8 gi\u00e0 previsto per intercessione del Comune, un cospicuo rimborso economico del danno subito. Questo quando ci sono tanti cittadini che da anni sono in attesa di vedere evasa la propria richiesta danni o che addirittura si sono visti respingere la richiesta di risarcimento. Suvvia sindaco, chieda all&#8217;assessore Vespo di fare un passo indietro e, soprattutto, chieda alla sua squadra di dimostrare pi\u00f9 aderenza al rispetto della legge\u201d.<\/p>\n","protected":false},"excerpt":{"rendered":"<p>&#8220;Il 3 aprile Simona Vespo \u00e8 caduta a causa di una buca in via Piave a Vadino. Il 12 novembre ha presentato una nota legale ufficiale per chiedere un risarcimento&#8221;<\/p>\n","protected":false},"author":12120,"featured_media":0,"comment_status":"open","ping_status":"closed","sticky":false,"template":"","format":"standard","meta":{"footnotes":""},"categories":[45296,31],"tags":[],"class_list":["post-307955","post","type-post","status-publish","format-standard","hentry","category-copertina","category-politica","post_cat_citta-albenga","post_tag_personaggi-eraldo-ciangherotti-2","post_tag_personaggi-simona-vespo"],"amp_validity":null,"amp_enabled":true,"_links":{"self":[{"href":"https:\/\/staging.ivg.it\/ediapi\/wp\/v2\/posts\/307955","targetHints":{"allow":["GET"]}}],"collection":[{"href":"https:\/\/staging.ivg.it\/ediapi\/wp\/v2\/posts"}],"about":[{"href":"https:\/\/staging.ivg.it\/ediapi\/wp\/v2\/types\/post"}],"author":[{"embeddable":true,"href":"https:\/\/staging.ivg.it\/ediapi\/wp\/v2\/users\/12120"}],"replies":[{"embeddable":true,"href":"https:\/\/staging.ivg.it\/ediapi\/wp\/v2\/comments?post=307955"}],"version-history":[{"count":0,"href":"https:\/\/staging.ivg.it\/ediapi\/wp\/v2\/posts\/307955\/revisions"}],"wp:attachment":[{"href":"https:\/\/staging.ivg.it\/ediapi\/wp\/v2\/media?parent=307955"}],"wp:term":[{"taxonomy":"category","embeddable":true,"href":"https:\/\/staging.ivg.it\/ediapi\/wp\/v2\/categories?post=307955"},{"taxonomy":"post_tag","embeddable":true,"href":"https:\/\/staging.ivg.it\/ediapi\/wp\/v2\/tags?post=307955"}],"curies":[{"name":"wp","href":"https:\/\/api.w.org\/{rel}","templated":true}]}}