{"id":307951,"date":"2015-12-09T12:53:08","date_gmt":"2015-12-09T11:53:08","guid":{"rendered":"http:\/\/www.ivg.it\/?p=307951"},"modified":"2015-12-09T12:54:14","modified_gmt":"2015-12-09T11:54:14","slug":"la-battaglia-dei-pendolari-la-regione-risponde-ma-la-petizione-non-si-ferma","status":"publish","type":"post","link":"https:\/\/staging.ivg.it\/2015\/12\/la-battaglia-dei-pendolari-la-regione-risponde-ma-la-petizione-non-si-ferma\/","title":{"rendered":"La battaglia dei pendolari: la Regione risponde, ma la petizione non si ferma"},"content":{"rendered":"<p><strong>Savona.<\/strong> <strong>&#8220;Si ringrazia, da parte del Presidente Toti, per l&#8217;allegata comunicazione che sar\u00e0 nostra cura evidenziare all&#8217;attenzione dell&#8217;Assessore ai Trasporti, Giovanni Berrino,<\/strong> per gli opportuni approfondimenti&#8221;, \u00e8 una nota della segreteria della\u00a0Presidenza della Giunta Regionale in risposta ad una lettera che i pendolari della Liguria hanno scritto nei giorni scorsi al Governatore Giovanni Toti.<\/p>\n<p>I pendolari comunque non si fermano. Sono pronti a dichiarare guerra alla Regione e a Trenitalia qualora le loro richieste dovessero cadere nel vuoto. Ecco perch\u00e9 la petizione on line lanciata nei giorni scorsi non si ferma e prosegue con un numero sempre pi\u00f9 alto di adesioni.<\/p>\n<p><strong>Dal prossimo 14 dicembre entrer\u00e0 in vigore l\u2019orario invernale di Trenitalia ed \u00e8 grande\u00a0<\/strong>la preoccupazione dei pendolari della tratta Savona\/Ventimiglia\/Savona e di quella Savona\/Cairo \/Savona. &#8220;<strong>I prossimi orari non coincidono con le uscite da scuola e dal lavoro della massima parte di studenti e pendolari, costringendoli di fatto ad attese di un\u2019ora ed oltre in stazione per salire sui treni regionali.\u00a0<\/strong>La tratta da Andora a Savona e viceversa \u00e8 stata ridotta a partire dalle 13,15 ad un treno ogni due ore. Questo significa che i lavoratori dovranno chiedere continuamente permessi di uscita dal lavoro (se verranno concessi) o, in alternativa, restare in attesa del treno successivo&#8221;, si lamentano e osservano: &#8220;<strong>In direzione Genova inoltre, spesso per percorrere 40 km. \u00e8 necessario cambiare tre mezzi (esempio pratico: per raggiungere Genova Pr\u00e0 nel primo pomeriggio, \u00e8 necessario cambiare anche a Savona e Genova Voltri).<\/strong>\u00a0Non si devono dimenticare gli studenti: minorenni che resteranno fuori da scuola ed in attesa del treno probabilmente a girovagare senza una meta precisa&#8221;.<\/p>\n<p>La petizione \u00e8 disponibile al seguente link:<br \/>\nhttps:\/\/www.change.org\/p\/presidente-regione-liguria-ridate-i-treni-ai-pendolari-liguri<\/p>\n","protected":false},"excerpt":{"rendered":"<p>Dal prossimo 14 dicembre entrer\u00e0 in vigore l\u2019orario invernale di Trenitalia ed \u00e8 grande la preoccupazione dei viaggiatori<\/p>\n","protected":false},"author":12291,"featured_media":0,"comment_status":"open","ping_status":"closed","sticky":false,"template":"","format":"standard","meta":{"footnotes":""},"categories":[56],"tags":[3053,493],"class_list":["post-307951","post","type-post","status-publish","format-standard","hentry","category-altre","tag-pendolari","tag-trenitalia","post_cat_citta-cairo-montenotte","post_cat_citta-genova","post_cat_citta-savona","post_cat_citta-ventimiglia","post_tag_personaggi-gianni-berrino","post_tag_personaggi-giovanni-toti"],"amp_validity":null,"amp_enabled":true,"_links":{"self":[{"href":"https:\/\/staging.ivg.it\/ediapi\/wp\/v2\/posts\/307951","targetHints":{"allow":["GET"]}}],"collection":[{"href":"https:\/\/staging.ivg.it\/ediapi\/wp\/v2\/posts"}],"about":[{"href":"https:\/\/staging.ivg.it\/ediapi\/wp\/v2\/types\/post"}],"author":[{"embeddable":true,"href":"https:\/\/staging.ivg.it\/ediapi\/wp\/v2\/users\/12291"}],"replies":[{"embeddable":true,"href":"https:\/\/staging.ivg.it\/ediapi\/wp\/v2\/comments?post=307951"}],"version-history":[{"count":0,"href":"https:\/\/staging.ivg.it\/ediapi\/wp\/v2\/posts\/307951\/revisions"}],"wp:attachment":[{"href":"https:\/\/staging.ivg.it\/ediapi\/wp\/v2\/media?parent=307951"}],"wp:term":[{"taxonomy":"category","embeddable":true,"href":"https:\/\/staging.ivg.it\/ediapi\/wp\/v2\/categories?post=307951"},{"taxonomy":"post_tag","embeddable":true,"href":"https:\/\/staging.ivg.it\/ediapi\/wp\/v2\/tags?post=307951"}],"curies":[{"name":"wp","href":"https:\/\/api.w.org\/{rel}","templated":true}]}}