{"id":307494,"date":"2015-12-03T09:24:50","date_gmt":"2015-12-03T08:24:50","guid":{"rendered":"http:\/\/www.ivg.it\/?p=307494"},"modified":"2015-12-03T09:24:50","modified_gmt":"2015-12-03T08:24:50","slug":"a-varazze-si-cavalca-in-riva-al-mare-primo-evento-domenica-prossima","status":"publish","type":"post","link":"https:\/\/staging.ivg.it\/2015\/12\/a-varazze-si-cavalca-in-riva-al-mare-primo-evento-domenica-prossima\/","title":{"rendered":"A Varazze si cavalca in riva al mare, primo evento domenica prossima"},"content":{"rendered":"<p><strong>Varazze. Torna l&#8217;iniziativa \u201cCavalli d\u2019Amare\u201d curata dal \u201cFree Horses Ranch\u201d di Alpicella <\/strong>che, da sei anni durante le festivit\u00e0 invernali coinvolge la citt\u00e0 di Varazze, con i cavalli in un \u201cmaneggio\u201d allestito nella spiaggia.<\/p>\n<p>Alla foce del torrente Teiro i bambini potranno provare l\u2019emozione di salire in groppa ad un cavallo e cavalcare in riva al mare. L&#8217;iniziativa di quest&#8217;anno porta il titolo di \u201cAmore Entro-Terra\u201d.<\/p>\n<p>\u201cQuest\u2019anno \u2013 <strong>spiega Grazia Vigna, titolare insieme al marito del Free Horses Ranch\u2013<\/strong> la scena si sposta nell\u2019entroterra dove \u2018abitano\u2019 i nostri amici, ma con la stessa finalit\u00e0 e obiettivo: promuovere lo sport dell\u2019equitazione e l\u2019avvicinamento dei bambini ai cavalli. Un rapporto non solo fantastico e alternativo, ma che pu\u00f2 consentire loro di imparare ad amare i cavalli e nel contempo rispettarli per quello che sono e rappresentano. Responsabilit\u00e0 nei confronti dell\u2019animale e rispetto delle regole, sono doti che torneranno molto utili nella vita di tutti i giorni dei nostri bambini&#8221;.<\/p>\n<p><strong>Il \u201cBattesimo della sella\u201d in riva al mare,<\/strong> che tanto successo e unanime apprezzamento ha suscitato in intere famiglie di turisti e varazzini negli scorsi anni, si sposta quindi nello spettacolare e panoramico entroterra della \u201cCitt\u00e0 delle Donne\u201d, quello che in pochi minuti di auto consente di spostarsi dalla spiaggia fino al Monte Beigua che, con i suoi 1287 metri sul livello del mare, offre al visitatore la possibilit\u00e0 di spaziare con lo sguardo a 360 gradi su un panorama unico di mare, monti, vallate e tanto altro ancora.<\/p>\n<p><strong>Il primo evento \u201cDiamo lo zoccolo\u201d, organizzato dal \u201cFree Horses Ranch\u201d, \u00e8 in programma domenica 6 dicembre dalle 11 alle 15 ad Alpicella, in Piazza IV Novembre, in concomitanza con il mercatino di Natale di Alpicella<\/strong>: \u201cI cavalli liberi di Alpicella (addestrati con doma dolce) in veste Natalizia, aspettano grandi e piccini nella Piazza del Paese. La loro presenza sar\u00e0 al servizio di uno scopo totalmente benefico, finalizzato alla raccolta fondi per i reparti di oncologia pediatrica genovesi&#8221;.<\/p>\n<p>\u201cLoro, i cavalli, ci mettono lo zoccolo, noi ci mettiamo il cuore \u2013 aggiunge Grazia Vigna \u2013 perch\u00e9 sia un Natale alla riscoperta della solidariet\u00e0, uomini e cavalli insieme, nella stessa direzione, per promuovere la solidariet\u00e0. Vi aspettiamo numerosi&#8221;.<\/p>\n<p><strong>L\u2019iniziativa \u201cAmore Entro-Terra\u201d, proseguir\u00e0 dal 23 dicembre al 10 gennaio 2016 compreso,<\/strong> dalle 10 alle 17, con il \u201cBattesimo della sella\u201d e la gestione naturale dei cavalli in via Ceresa 68 al \u201cFree Horses Ranch\u201d, la collina dei cavalli liberi.<\/p>\n","protected":false},"excerpt":{"rendered":"<p>Iniziativa curata dal \u201cFree Horses Ranch\u201d di Alpicella che, da sei anni durante le festivit\u00e0 invernali coinvolge Varazze<\/p>\n","protected":false},"author":12291,"featured_media":0,"comment_status":"open","ping_status":"closed","sticky":false,"template":"","format":"standard","meta":{"footnotes":""},"categories":[45296,56],"tags":[],"class_list":["post-307494","post","type-post","status-publish","format-standard","hentry","category-copertina","category-altre","post_cat_citta-varazze","post_tag_personaggi-grazia-vigna"],"amp_validity":null,"amp_enabled":true,"_links":{"self":[{"href":"https:\/\/staging.ivg.it\/ediapi\/wp\/v2\/posts\/307494","targetHints":{"allow":["GET"]}}],"collection":[{"href":"https:\/\/staging.ivg.it\/ediapi\/wp\/v2\/posts"}],"about":[{"href":"https:\/\/staging.ivg.it\/ediapi\/wp\/v2\/types\/post"}],"author":[{"embeddable":true,"href":"https:\/\/staging.ivg.it\/ediapi\/wp\/v2\/users\/12291"}],"replies":[{"embeddable":true,"href":"https:\/\/staging.ivg.it\/ediapi\/wp\/v2\/comments?post=307494"}],"version-history":[{"count":0,"href":"https:\/\/staging.ivg.it\/ediapi\/wp\/v2\/posts\/307494\/revisions"}],"wp:attachment":[{"href":"https:\/\/staging.ivg.it\/ediapi\/wp\/v2\/media?parent=307494"}],"wp:term":[{"taxonomy":"category","embeddable":true,"href":"https:\/\/staging.ivg.it\/ediapi\/wp\/v2\/categories?post=307494"},{"taxonomy":"post_tag","embeddable":true,"href":"https:\/\/staging.ivg.it\/ediapi\/wp\/v2\/tags?post=307494"}],"curies":[{"name":"wp","href":"https:\/\/api.w.org\/{rel}","templated":true}]}}