{"id":307493,"date":"2015-12-03T09:25:37","date_gmt":"2015-12-03T08:25:37","guid":{"rendered":"http:\/\/www.ivg.it\/?p=307493"},"modified":"2015-12-03T13:20:11","modified_gmt":"2015-12-03T12:20:11","slug":"savona-un-dicembre-di-eventi-alle-officine-tra-babbo-natale-e-festa-del-barattino","status":"publish","type":"post","link":"https:\/\/staging.ivg.it\/2015\/12\/savona-un-dicembre-di-eventi-alle-officine-tra-babbo-natale-e-festa-del-barattino\/","title":{"rendered":"Savona, un dicembre di eventi alle Officine tra Babbo Natale e Festa del Barattino"},"content":{"rendered":"<p><strong>Savona.<\/strong> Il mese di dicembre al Centro Polifunzionale Le Officine di Savona si annuncia ricco di iniziative.<\/p>\n<p>Si comincia domenica 6 dicembre alle 15.00 con l&#8217;arrivo di Babbo Natale, che raccoglier\u00e0 le letterine dei bambini. Ad accompagnarlo gli zampognari delle valli con le pi\u00f9 belle musiche della tradizione natalizia che allieteranno lo shopping dei savonesi.<\/p>\n<p>Si prosegue sabato 12 dicembre. Dalle 14.00 \u00e8 prevista la distribuzione gratuita di panettone e Vin Br\u00fbl\u00e9, mentre per i pi\u00f9 piccoli si terr\u00e0 la Festa del Barattino, in collaborazione con la Banca del Tempo di Savona. Tutti i bambini potranno portare uno o pi\u00f9 giochi che non usano e scambiarli con altri bambini che porteranno i loro. Una bella idea, fuori dalle logiche del consumo sfrenato, per far conoscere e interagire tra loro bambini e bambine di tutte le et\u00e0.<\/p>\n<p>Per finire con la grande Parata di Natale, che si terr\u00e0 sabato 19 dicembre con musica, canti e balli.<\/p>\n<p>Inoltre, sabato 12 dicembre dalle 10 alle 12 \u00e8 prevista l&#8217;osservazione del Sole al cannocchiale; mentre luned\u00ec\u00a021 dicembre dalle 17 alle 20 quella della Luna. I due appuntamenti ludico didattici sono realizzati in collaborazione con l&#8217;associazione Astrofili Orione.<\/p>\n","protected":false},"excerpt":{"rendered":"<p>Savona. Il mese di dicembre al Centro Polifunzionale Le Officine di Savona si annuncia ricco di iniziative. Si comincia domenica 6 dicembre alle 15.00 con l&#8217;arrivo di Babbo Natale, che raccoglier\u00e0 le letterine dei bambini. Ad accompagnarlo gli zampognari delle valli con le pi\u00f9 belle musiche della tradizione natalizia che allieteranno lo shopping dei savonesi. [&hellip;]<\/p>\n","protected":false},"author":10593,"featured_media":0,"comment_status":"open","ping_status":"closed","sticky":false,"template":"","format":"standard","meta":{"footnotes":""},"categories":[56],"tags":[67104],"class_list":["post-307493","post","type-post","status-publish","format-standard","hentry","category-altre","tag-centro-commerciale-le-officine","post_cat_citta-savona"],"amp_validity":null,"amp_enabled":true,"_links":{"self":[{"href":"https:\/\/staging.ivg.it\/ediapi\/wp\/v2\/posts\/307493","targetHints":{"allow":["GET"]}}],"collection":[{"href":"https:\/\/staging.ivg.it\/ediapi\/wp\/v2\/posts"}],"about":[{"href":"https:\/\/staging.ivg.it\/ediapi\/wp\/v2\/types\/post"}],"author":[{"embeddable":true,"href":"https:\/\/staging.ivg.it\/ediapi\/wp\/v2\/users\/10593"}],"replies":[{"embeddable":true,"href":"https:\/\/staging.ivg.it\/ediapi\/wp\/v2\/comments?post=307493"}],"version-history":[{"count":0,"href":"https:\/\/staging.ivg.it\/ediapi\/wp\/v2\/posts\/307493\/revisions"}],"wp:attachment":[{"href":"https:\/\/staging.ivg.it\/ediapi\/wp\/v2\/media?parent=307493"}],"wp:term":[{"taxonomy":"category","embeddable":true,"href":"https:\/\/staging.ivg.it\/ediapi\/wp\/v2\/categories?post=307493"},{"taxonomy":"post_tag","embeddable":true,"href":"https:\/\/staging.ivg.it\/ediapi\/wp\/v2\/tags?post=307493"}],"curies":[{"name":"wp","href":"https:\/\/api.w.org\/{rel}","templated":true}]}}