{"id":306904,"date":"2015-11-26T07:28:59","date_gmt":"2015-11-26T06:28:59","guid":{"rendered":"http:\/\/www.ivg.it\/?p=306904"},"modified":"2015-11-26T09:46:31","modified_gmt":"2015-11-26T08:46:31","slug":"garlenda-assicura-il-suo-presepe-luminoso-con-tutte-le-figure-della-nativita","status":"publish","type":"post","link":"https:\/\/staging.ivg.it\/2015\/11\/garlenda-assicura-il-suo-presepe-luminoso-con-tutte-le-figure-della-nativita\/","title":{"rendered":"Garlenda assicura il suo &#8220;Presepe Luminoso&#8221; con tutte le figure della Nativit\u00e0"},"content":{"rendered":"<p><strong>Garlenda. Manca meno di un mese al Santo Natale e Garlenda, paese alle spalle di Albenga, si prepara a festeggiarlo con un&#8217;atmosfera di tutto rispetto.\u00a0<\/strong><\/p>\n<p>Grazie a tutta la Comunit\u00e1 di Garlenda, grazie alla generosit\u00e1 dei cittadini, si \u00e9 riusciti ad acquistare ben 5 bobine a led\u00a0da 45 metri\u00a0ciascuno.\u00a0Ed ora siamo tutti all&#8217;opera per ripristinare le figure principali del &#8220;Presepe luminoso&#8221;. <strong>&#8220;Ogni anno procederemo con il suo ammodernamento<\/strong> e speriamo presto di poterlo ammirare nuovamente nella sua interezza, bello come una volta&#8221;,<strong> spiegano dal gruppo Uniti per Garlenda.<\/strong><\/p>\n<p><strong>Il &#8220;Presepe luminoso&#8221; <\/strong>\u00e9 un patrimonio della Comunit\u00e1 di Garlenda: da non perdere\u00a0l&#8217;emozione dell&#8217;accensione delle figure principali della <strong>Nativit\u00e1 che si terr\u00e0 domenica 13 dicembre alle 20.<\/strong><\/p>\n<p>Nell&#8217;attesa di veder prendere vita le figure del Presepe luminoso, sul sagrato della Chiesa della Nativit\u00e1 sar\u00e1 allestito a partire dalle 19,15 un ricco buffet preparato dalla Croce Bianca di Garlenda e dai tanti volontari garlendini.\u00a0<strong>La serata sar\u00e1 allietata dalle note dei canti di Natale.<\/strong><\/p>\n","protected":false},"excerpt":{"rendered":"<p>Nell&#8217;attesa di veder prendere vita le figure del Presepe luminoso, sul sagrato della Chiesa della Nativit\u00e1 sar\u00e1 allestito a partire dalle 19,15 un ricco buffet<\/p>\n","protected":false},"author":12291,"featured_media":0,"comment_status":"open","ping_status":"closed","sticky":false,"template":"","format":"standard","meta":{"footnotes":""},"categories":[45296,56],"tags":[78300,1821],"class_list":["post-306904","post","type-post","status-publish","format-standard","hentry","category-copertina","category-altre","tag-presepe-luminoso","tag-uniti-per-garlenda","post_cat_citta-garlenda"],"amp_validity":null,"amp_enabled":true,"_links":{"self":[{"href":"https:\/\/staging.ivg.it\/ediapi\/wp\/v2\/posts\/306904","targetHints":{"allow":["GET"]}}],"collection":[{"href":"https:\/\/staging.ivg.it\/ediapi\/wp\/v2\/posts"}],"about":[{"href":"https:\/\/staging.ivg.it\/ediapi\/wp\/v2\/types\/post"}],"author":[{"embeddable":true,"href":"https:\/\/staging.ivg.it\/ediapi\/wp\/v2\/users\/12291"}],"replies":[{"embeddable":true,"href":"https:\/\/staging.ivg.it\/ediapi\/wp\/v2\/comments?post=306904"}],"version-history":[{"count":0,"href":"https:\/\/staging.ivg.it\/ediapi\/wp\/v2\/posts\/306904\/revisions"}],"wp:attachment":[{"href":"https:\/\/staging.ivg.it\/ediapi\/wp\/v2\/media?parent=306904"}],"wp:term":[{"taxonomy":"category","embeddable":true,"href":"https:\/\/staging.ivg.it\/ediapi\/wp\/v2\/categories?post=306904"},{"taxonomy":"post_tag","embeddable":true,"href":"https:\/\/staging.ivg.it\/ediapi\/wp\/v2\/tags?post=306904"}],"curies":[{"name":"wp","href":"https:\/\/api.w.org\/{rel}","templated":true}]}}