{"id":306703,"date":"2015-11-23T17:59:25","date_gmt":"2015-11-23T16:59:25","guid":{"rendered":"http:\/\/www.ivg.it\/?p=306703"},"modified":"2015-11-23T18:16:34","modified_gmt":"2015-11-23T17:16:34","slug":"un-finalese-ai-mondiali-di-windsurf","status":"publish","type":"post","link":"https:\/\/staging.ivg.it\/2015\/11\/un-finalese-ai-mondiali-di-windsurf\/","title":{"rendered":"Un finalese ai Mondiali di windsurf"},"content":{"rendered":"<p><strong>C\u2019\u00e8 anche un finalese ai Mondiali di Windsurf che cominciano domani in Nuova Caledonia<\/strong>. Sull\u2019isola, territorio d\u2019oltremare francese (da qui arriva l\u2019ex blucerchiato e nazionale di calcio bleus, Krisitan Karambeu) si daranno appuntamento decine e decine di surfisti del vento, che si sono sfidati durante la stagione in diverse acque in tutto il mondo e giungono in questo piccolo pezzo di Francia per l\u2019atto conclusivo della Pwa (Associazione windsurfers professionisti).<\/p>\n<p>Tra di loro c\u2019\u00e8<strong> Fabrizio Amarotto<\/strong>, che qualche avventore delle spiagge di Finale\u00a0conoscer\u00e0 visto che \u00e8 stato maestro di scuola di windsurf a Varigotti dal 2002 al 2012. In tutti questi anni, per\u00f2 Amarotto si \u00e8 preparato, disputando gare, a partecipare proprio ai mondiali di questo sport particolare, fatto di emozioni e per il quale ci vuole molto talento. Il finalese ne ha visto che \u00e8 tra i migliori 5 italiani e un top mondiale.<\/p>\n<p>Nello splendido Oceano Pacifico, Amarotto si presenta da protagonista dopo aver gareggiato nella Defi Wind di Gruissan, piazzandosi, quest\u2019anno in 24^ posizione, secondo fra gli italiani. Il piazzamento del surfer ligure \u00e8 avvalorato dai 1200 partecipanti a quelle che pu\u00f2 essere considerata una classica del windsurf. Inutile dire che a Noum\u00e9a, capitale della Nuova Caledonia, Amarotto si presenta con molte ambizioni.<\/p>\n","protected":false},"excerpt":{"rendered":"<p>Fabrizio Amarotto \u00e8 in Nuova Caledonia per cercare un buon piazzamento mondiale<\/p>\n","protected":false},"author":12632,"featured_media":0,"comment_status":"open","ping_status":"closed","sticky":false,"template":"","format":"standard","meta":{"footnotes":""},"categories":[42377,32],"tags":[8683],"class_list":["post-306703","post","type-post","status-publish","format-standard","hentry","category-altri-sport","category-sport","tag-windsurf","post_cat_citta-finale-ligure","post_cat_citta-loano","post_tag_personaggi-fabrizio-amarotto"],"amp_validity":null,"amp_enabled":true,"_links":{"self":[{"href":"https:\/\/staging.ivg.it\/ediapi\/wp\/v2\/posts\/306703","targetHints":{"allow":["GET"]}}],"collection":[{"href":"https:\/\/staging.ivg.it\/ediapi\/wp\/v2\/posts"}],"about":[{"href":"https:\/\/staging.ivg.it\/ediapi\/wp\/v2\/types\/post"}],"author":[{"embeddable":true,"href":"https:\/\/staging.ivg.it\/ediapi\/wp\/v2\/users\/12632"}],"replies":[{"embeddable":true,"href":"https:\/\/staging.ivg.it\/ediapi\/wp\/v2\/comments?post=306703"}],"version-history":[{"count":0,"href":"https:\/\/staging.ivg.it\/ediapi\/wp\/v2\/posts\/306703\/revisions"}],"wp:attachment":[{"href":"https:\/\/staging.ivg.it\/ediapi\/wp\/v2\/media?parent=306703"}],"wp:term":[{"taxonomy":"category","embeddable":true,"href":"https:\/\/staging.ivg.it\/ediapi\/wp\/v2\/categories?post=306703"},{"taxonomy":"post_tag","embeddable":true,"href":"https:\/\/staging.ivg.it\/ediapi\/wp\/v2\/tags?post=306703"}],"curies":[{"name":"wp","href":"https:\/\/api.w.org\/{rel}","templated":true}]}}