{"id":305442,"date":"2015-11-06T14:41:07","date_gmt":"2015-11-06T13:41:07","guid":{"rendered":"http:\/\/www.ivg.it\/?p=305442"},"modified":"2015-11-06T14:43:06","modified_gmt":"2015-11-06T13:43:06","slug":"la-pallacanestro-loano-festeggia-il-terzo-compleanno-della-pigotta-unicef","status":"publish","type":"post","link":"https:\/\/staging.ivg.it\/2015\/11\/la-pallacanestro-loano-festeggia-il-terzo-compleanno-della-pigotta-unicef\/","title":{"rendered":"La Pallacanestro Loano festeggia il terzo compleanno della Pigotta Unicef"},"content":{"rendered":"<p><strong>Loano<\/strong>. <strong>Domenica 8 novembre, a Loano, si svolger\u00e0 la manifestazione di minibasket femminile \u201cPomeriggio in Rosa: 3\u00b0 compleanno della Pigotta Unicef\u201d<\/strong>, organizzata dall\u2019A.D. Pallacanestro Loano, con il patrocino dell\u2019assessorato a turismo, cultura e sport del Comune di Loano.<\/p>\n<p>Sono state invitate all\u2019evento,<strong> in programma dalle ore 15 nel palazzetto dello sport &#8220;E. Garassini&#8221;, le giocatrici di tutti i centri di minibasket della regione.<\/strong> Le partecipanti saranno mischiate per comporre squadre inedite, che parteciperanno alle gare e ai giochi sui tre campi allestiti all\u2019interno del palazzetto.<\/p>\n<p>Tre anni fa<strong> l\u2019Unicef ha accolto la richiesta dell\u2019A.D. Pallacanestro Loano di poter portare in panchina, durante gli allenamenti e le partite, una giocatrice in pi\u00f9, una Pigotta<\/strong> (di dimensioni pi\u00f9 grandi dello standard, creata dalle preziose mani delle signore dell\u2019Universit\u00e0 della Terza Et\u00e0, l\u2019Unitre, di Loano) vestita con i colori, rosa e nero, della societ\u00e0.<\/p>\n<p>\u201cPer sottolineare lo scopo benefico nei confronti dell\u2019Unicef, &#8211; spiegano gli organizzatori &#8211; <strong>ogni bambina che scender\u00e0 in campo devolver\u00e0 una simbolica quota di partecipazione costituita da una moneta da un euro che verser\u00e0 all\u2019interno di un salvadanaio posizionato al centro del parquet.<\/strong>\u00a0Ogni Pigotta apre un cerchio di solidariet\u00e0 che unisce chi ha realizzato la bambola, chi l\u2019ha adottata e il bambino che, grazie all\u2019Unicef, verr\u00e0 inserito in un programma di lotta alla mortalit\u00e0 infantile&#8221;.<\/p>\n<p><strong>Domenica sar\u00e0 festeggiato il terzo compleanno della mascotte<\/strong> con la speranza di replicare il successo delle passate edizioni, che hanno visto la partecipazione di un centinaio di minicestiste, provenienti anche dalla provincia di La Spezia.<\/p>\n","protected":false},"excerpt":{"rendered":"<p>\u201cPomeriggio in Rosa&#8221; con le giocatrici dei centri di minibasket della Liguria<\/p>\n","protected":false},"author":18,"featured_media":0,"comment_status":"open","ping_status":"closed","sticky":false,"template":"","format":"standard","meta":{"footnotes":""},"categories":[47715,32],"tags":[905,8335,77508],"class_list":["post-305442","post","type-post","status-publish","format-standard","hentry","category-basket-sport","category-sport","tag-basket","tag-pallacanestro-loano","tag-pigotta-unicef","post_cat_citta-loano"],"amp_validity":null,"amp_enabled":true,"_links":{"self":[{"href":"https:\/\/staging.ivg.it\/ediapi\/wp\/v2\/posts\/305442","targetHints":{"allow":["GET"]}}],"collection":[{"href":"https:\/\/staging.ivg.it\/ediapi\/wp\/v2\/posts"}],"about":[{"href":"https:\/\/staging.ivg.it\/ediapi\/wp\/v2\/types\/post"}],"author":[{"embeddable":true,"href":"https:\/\/staging.ivg.it\/ediapi\/wp\/v2\/users\/18"}],"replies":[{"embeddable":true,"href":"https:\/\/staging.ivg.it\/ediapi\/wp\/v2\/comments?post=305442"}],"version-history":[{"count":0,"href":"https:\/\/staging.ivg.it\/ediapi\/wp\/v2\/posts\/305442\/revisions"}],"wp:attachment":[{"href":"https:\/\/staging.ivg.it\/ediapi\/wp\/v2\/media?parent=305442"}],"wp:term":[{"taxonomy":"category","embeddable":true,"href":"https:\/\/staging.ivg.it\/ediapi\/wp\/v2\/categories?post=305442"},{"taxonomy":"post_tag","embeddable":true,"href":"https:\/\/staging.ivg.it\/ediapi\/wp\/v2\/tags?post=305442"}],"curies":[{"name":"wp","href":"https:\/\/api.w.org\/{rel}","templated":true}]}}