{"id":305376,"date":"2015-11-05T16:39:59","date_gmt":"2015-11-05T15:39:59","guid":{"rendered":"http:\/\/www.ivg.it\/?p=305376"},"modified":"2015-11-05T16:39:59","modified_gmt":"2015-11-05T15:39:59","slug":"vado-ligure-i-cinesi-conquistati-dalla-piattaforma-maersk","status":"publish","type":"post","link":"https:\/\/staging.ivg.it\/2015\/11\/vado-ligure-i-cinesi-conquistati-dalla-piattaforma-maersk\/","title":{"rendered":"Vado Ligure, i cinesi conquistati dalla piattaforma Maersk"},"content":{"rendered":"<p><strong>Vado Ligure<\/strong>. <strong>All\u2019Aia, sede della divisione terminalistica Apm Terminal del gruppo Moeller Maersk, i rappresentanti della societ\u00e0 danese e dello scalo cinese di Qingdao<\/strong> hanno firmato un Memorandum of Understanding (protocollo d&#8217;intesa) che ha come oggetto l&#8217;attivit\u00e0 da sviluppare sul terminal contenitori in costruzione a Vado Ligure. <\/p>\n<p>Al momento non si hanno particolari sull&#8217;accordo, anche se \u00e8 stato reso noto che i due partner hanno creato una joint venture che porter\u00e0 investimenti anche con altri potenziali partner.<\/p>\n<p>La piattaforma di Vado Ligure sar\u00e0 completata all&#8217;inizio del 2018 e, a regime, potr\u00e0 movimentare oltre 800 mila contenitori\/anno, moltiplicando l&#8217;offerta attuale che \u00e8 limitata ai 300 mila teus degli impianti di Reefer Terminal Vado, acquisiti nei mesi scorsi da Apm Terminals. <\/p>\n<p><strong>La nuova piattaforma  disporr\u00e0 di due accosti che, grazie alla profondit\u00e0 dei fondali (20 metri) saranno in grado di accogliere le super-portacontenitori da 8 mila teus attualmente in costruzione. <\/strong>L\u2019impegno finanziario dello Stato per la realizzazione della piattaforma \u00e8 di 300 milioni di euro mentre Apm investe 150 milioni (100 dei quali in impianti e attrezzature, in parte gi\u00e0 ordinati ad una societ\u00e0 cinese). <\/p>\n<p>Qingdao, ovvero Tsingtao (colonia dell&#8217;impero tedesco fino al 1918), si trova sul Mar Giallo, di fronte alla penisola coreana, ed \u00e8<strong> il settimo porto pi\u00f9 trafficato al mondo con pi\u00f9 di 16 milioni di teu annuali di traffico. <\/p>\n<p><\/strong><\/p>\n","protected":false},"excerpt":{"rendered":"<p>Avviata una joint venture che porter\u00e0 investimenti anche con altri potenziali partner<\/p>\n","protected":false},"author":12291,"featured_media":0,"comment_status":"open","ping_status":"closed","sticky":false,"template":"","format":"standard","meta":{"footnotes":""},"categories":[45296,56],"tags":[1911,13216],"class_list":["post-305376","post","type-post","status-publish","format-standard","hentry","category-copertina","category-altre","tag-piattaforma-maersk","tag-porto-savona","post_cat_citta-savona","post_cat_citta-vado-ligure"],"amp_validity":null,"amp_enabled":true,"_links":{"self":[{"href":"https:\/\/staging.ivg.it\/ediapi\/wp\/v2\/posts\/305376","targetHints":{"allow":["GET"]}}],"collection":[{"href":"https:\/\/staging.ivg.it\/ediapi\/wp\/v2\/posts"}],"about":[{"href":"https:\/\/staging.ivg.it\/ediapi\/wp\/v2\/types\/post"}],"author":[{"embeddable":true,"href":"https:\/\/staging.ivg.it\/ediapi\/wp\/v2\/users\/12291"}],"replies":[{"embeddable":true,"href":"https:\/\/staging.ivg.it\/ediapi\/wp\/v2\/comments?post=305376"}],"version-history":[{"count":0,"href":"https:\/\/staging.ivg.it\/ediapi\/wp\/v2\/posts\/305376\/revisions"}],"wp:attachment":[{"href":"https:\/\/staging.ivg.it\/ediapi\/wp\/v2\/media?parent=305376"}],"wp:term":[{"taxonomy":"category","embeddable":true,"href":"https:\/\/staging.ivg.it\/ediapi\/wp\/v2\/categories?post=305376"},{"taxonomy":"post_tag","embeddable":true,"href":"https:\/\/staging.ivg.it\/ediapi\/wp\/v2\/tags?post=305376"}],"curies":[{"name":"wp","href":"https:\/\/api.w.org\/{rel}","templated":true}]}}