{"id":305374,"date":"2015-11-05T16:27:51","date_gmt":"2015-11-05T15:27:51","guid":{"rendered":"http:\/\/www.ivg.it\/?p=305374"},"modified":"2015-11-05T16:31:28","modified_gmt":"2015-11-05T15:31:28","slug":"acqua-minerale-cercasi-tra-zuccarello-e-erli","status":"publish","type":"post","link":"https:\/\/staging.ivg.it\/2015\/11\/acqua-minerale-cercasi-tra-zuccarello-e-erli\/","title":{"rendered":"Acqua minerale cercasi tra Zuccarello e Erli"},"content":{"rendered":"<p><strong>Zuccarello<\/strong>.  L&#8217;imprenditore monegasco Claudio Melotto, originario di Aosta ma da tempo trasferito nel principato, <strong>ha avviato un&#8217;iniziativa rivolta alla ricerca di acque minerali sul territorio dei comuni di Erli e Zuccarello.<br \/>\n<\/strong><br \/>\nIl progetto \u2013 qualora attraverso la ricerca fosse verificata l&#8217;opportunit\u00e0 di utilizzo economico della risorsa idrica &#8211; prevede la realizzazione delle opere necessarie a captare le acque minerali nelle localit\u00e0 rio Cornaldo e rio Tovo, nei comuni di Erli e Zuccarello, e in localit\u00e0 Poggio Eresea, nel comune di Zuccarello. <strong>L&#8217;attivit\u00e0 preliminare \u00e8 stata autorizzata dalla Regione Liguria. <\/strong>  <\/p>\n<p>Claudio Melotto, atraverso la societ\u00e0 Comenii Aquae srl, si era aggiudicato nei mesi scorsi la gara indetta dalla Regione Liguria per la concessione della Fonte Argentiera, in Alta Val d&#8217;Orba. <strong>Si tratta della concessione amministrativa per lo sfruttamento del giacimento di acqua minerale nel territorio comunale di Urbe e Sassello<\/strong> fino a qualche anno fa commercializzata come \u201cAcqua del Faiallo\u201d. <strong>La concessione di Fonte Argentiera interessa una superficie di 271 ettari ed avr\u00e0 durata di 30 anni<\/strong>. Alla Regione Liguria andr\u00e0 un canone annuo pari a 30 euro per ettaro (complessivamente poco pi\u00f9 di 8.000 euro), oltre ad un euro per ogni metro cubo di acqua imbottigliata. <\/p>\n","protected":false},"excerpt":{"rendered":"<p>Si \u00e9 gi\u00e0 aggiudicato la gara indetta dalla Regione Liguria per la concessione della Fonte Argentiera<\/p>\n","protected":false},"author":12291,"featured_media":0,"comment_status":"open","ping_status":"closed","sticky":false,"template":"","format":"standard","meta":{"footnotes":""},"categories":[45296,56],"tags":[223],"class_list":["post-305374","post","type-post","status-publish","format-standard","hentry","category-copertina","category-altre","tag-regione-liguria","post_cat_citta-erli","post_cat_citta-zuccarello","post_tag_personaggi-claudio-melotto"],"amp_validity":null,"amp_enabled":true,"_links":{"self":[{"href":"https:\/\/staging.ivg.it\/ediapi\/wp\/v2\/posts\/305374","targetHints":{"allow":["GET"]}}],"collection":[{"href":"https:\/\/staging.ivg.it\/ediapi\/wp\/v2\/posts"}],"about":[{"href":"https:\/\/staging.ivg.it\/ediapi\/wp\/v2\/types\/post"}],"author":[{"embeddable":true,"href":"https:\/\/staging.ivg.it\/ediapi\/wp\/v2\/users\/12291"}],"replies":[{"embeddable":true,"href":"https:\/\/staging.ivg.it\/ediapi\/wp\/v2\/comments?post=305374"}],"version-history":[{"count":0,"href":"https:\/\/staging.ivg.it\/ediapi\/wp\/v2\/posts\/305374\/revisions"}],"wp:attachment":[{"href":"https:\/\/staging.ivg.it\/ediapi\/wp\/v2\/media?parent=305374"}],"wp:term":[{"taxonomy":"category","embeddable":true,"href":"https:\/\/staging.ivg.it\/ediapi\/wp\/v2\/categories?post=305374"},{"taxonomy":"post_tag","embeddable":true,"href":"https:\/\/staging.ivg.it\/ediapi\/wp\/v2\/tags?post=305374"}],"curies":[{"name":"wp","href":"https:\/\/api.w.org\/{rel}","templated":true}]}}