{"id":305114,"date":"2015-11-02T10:58:45","date_gmt":"2015-11-02T09:58:45","guid":{"rendered":"http:\/\/www.ivg.it\/?p=305114"},"modified":"2015-11-02T10:58:45","modified_gmt":"2015-11-02T09:58:45","slug":"savona-il-liceo-chiabrera-promuove-una-tavola-rotonda-sulla-questione-alimentare","status":"publish","type":"post","link":"https:\/\/staging.ivg.it\/2015\/11\/savona-il-liceo-chiabrera-promuove-una-tavola-rotonda-sulla-questione-alimentare\/","title":{"rendered":"Savona, il liceo &#8220;Chiabrera&#8221; promuove una tavola rotonda sulla &#8220;questione alimentare&#8221;"},"content":{"rendered":"<p><strong>Savona<\/strong>. Il Liceo &#8220;Chiabrera&#8221; di Savona, in collaborazione con il Dipartimento di Antichit\u00e0, Filosofia, Storia e Geografia (Dafist) dell&#8217;Universit\u00e0 degli Studi di Genova, organizza una Tavola rotonda sulla &#8220;questione alimentare&#8221; che si terr\u00e0 domani, alle ore 15.30, nella &#8220;Sala Rossa&#8221; del Comune di Savona.<\/p>\n<p>L&#8217;iniziativa nasce in occasione della presentazione del volume &#8220;L&#8217;anima del cibo&#8221;, a cura di Alma Massaro (Aracne editrice, Roma 2014) per discutere &#8220;a pi\u00f9 voci&#8221; le attuali problematiche connesse al tema della nutrizione.<\/p>\n<p>Si discuter\u00e0 del versante &#8220;materiale&#8221; del cibo (la produzione industriale degli alimenti e la loro conservazione, gli alimenti di origine animale e i problemi di sicurezza, la tutela dei consumatori e questioni di etichettatura dei cibi, ecc.) e di quello &#8220;immateriale&#8221; (l&#8217;origine filosofica del vegetarianismo, l&#8217;etica della scelta degli alimenti, il nesso  tra cibo e identit\u00e0 personali contemporanee) per riflettere infine sui loro effetti sul piano piano psico-somatico.<\/p>\n<p>L&#8217;incontro, coordinato dalla professoressa Giosiana Carrara, \u00e8 introdotto dal Dirigente del Liceo &#8220;Chiabrera-Martini&#8221; Alfonso Gargano e prevede i contributi dei seguenti relatori: Alma Massaro, dottore di ricerca in Filosofia &#8211; Universit\u00e0 di Genova; Maurio Letterio, docente ordinario di Storia della Filosofia &#8211; Universit\u00e0 di Genova; Marco Maio, psicologo e psicoterapeuta; Patrizia Perego, docente ordinario di Ingegneria industriale e dell&#8217;informazione &#8211; Universit\u00e0 di Genova; Giancarlo Ruffo, docente di Scienze Veterinarie &#8211; Universit\u00e0 di Milano.<\/p>\n<p>L&#8217;incontro \u00e8 aperto agli studenti, ai docenti e alla cittadinanza interessata.<\/p>\n","protected":false},"excerpt":{"rendered":"<p>L&#8217;incontro sar\u00e0 coordinato dalla professoressa Giosiana Carrara<\/p>\n","protected":false},"author":2394,"featured_media":0,"comment_status":"open","ping_status":"closed","sticky":false,"template":"","format":"standard","meta":{"footnotes":""},"categories":[56],"tags":[1730],"class_list":["post-305114","post","type-post","status-publish","format-standard","hentry","category-altre","tag-tavola-rotonda","post_cat_citta-savona"],"amp_validity":null,"amp_enabled":true,"_links":{"self":[{"href":"https:\/\/staging.ivg.it\/ediapi\/wp\/v2\/posts\/305114","targetHints":{"allow":["GET"]}}],"collection":[{"href":"https:\/\/staging.ivg.it\/ediapi\/wp\/v2\/posts"}],"about":[{"href":"https:\/\/staging.ivg.it\/ediapi\/wp\/v2\/types\/post"}],"author":[{"embeddable":true,"href":"https:\/\/staging.ivg.it\/ediapi\/wp\/v2\/users\/2394"}],"replies":[{"embeddable":true,"href":"https:\/\/staging.ivg.it\/ediapi\/wp\/v2\/comments?post=305114"}],"version-history":[{"count":0,"href":"https:\/\/staging.ivg.it\/ediapi\/wp\/v2\/posts\/305114\/revisions"}],"wp:attachment":[{"href":"https:\/\/staging.ivg.it\/ediapi\/wp\/v2\/media?parent=305114"}],"wp:term":[{"taxonomy":"category","embeddable":true,"href":"https:\/\/staging.ivg.it\/ediapi\/wp\/v2\/categories?post=305114"},{"taxonomy":"post_tag","embeddable":true,"href":"https:\/\/staging.ivg.it\/ediapi\/wp\/v2\/tags?post=305114"}],"curies":[{"name":"wp","href":"https:\/\/api.w.org\/{rel}","templated":true}]}}