{"id":305059,"date":"2015-10-31T16:21:11","date_gmt":"2015-10-31T15:21:11","guid":{"rendered":"http:\/\/www.ivg.it\/?p=305059"},"modified":"2015-10-31T16:51:11","modified_gmt":"2015-10-31T15:51:11","slug":"progetto-savoir-confcooperative-punta-sulle-reti-di-impresa","status":"publish","type":"post","link":"https:\/\/staging.ivg.it\/2015\/10\/progetto-savoir-confcooperative-punta-sulle-reti-di-impresa\/","title":{"rendered":"Progetto &#8220;Savoir&#8221;: Confcooperative punta sulle &#8220;reti di impresa&#8221;"},"content":{"rendered":"<p><strong>Liguria.<\/strong> Progetto Savoir per la promozione di reti imprenditoriali grazie al Programma Operativo Italia-Francia Marittimo 2007-2013. Confcooperative Liguria, forte dei propri valori di solidariet\u00e0 e cooperazione, ha preso parte, unitamente a Confcooperative Toscana, Confcooperative Sardegna e Petra Patrimonia della Corsica, ad un progetto di sviluppo imprenditoriale trasversale e internazionale, per rendere ancora pi\u00f9 grandi i piccoli traguardi locali. <\/p>\n<p>ANCI Toscana ha coordinato il tutto, per un&#8217;efficiente messa in relazione di cooperative, enti e aziende di regioni e nazioni diverse, in modo da fornire a tutti gli strumenti necessari per crescere al meglio. \u201cLe reti di imprese facilitano il raggiungimento degli obiettivi &#8211; ha sottolineato con entusiasmo Valerio Balzini, segretario generale Confcooperative Liguria &#8211; oltre che favorire la crescita personale e imprenditoriale. La Liguria \u00e8 fatta di piccole-medie imprese, molto legate al territorio e alla valorizzazione del locale, il che \u00e8 un ottimo biglietto da visita. Ma con un progetto come Savoir \u00e8 possibile crescere mantenendo tutta l&#8217;attenzione possibile per il territorio. Le reti di impresa permettono grandi azioni di marketing comuni, ma anche la nascita di prodotti o infrastrutture ad ampio raggio. Siamo davvero orgogliosi della partecipazione delle nostre cooperative, che stanno gi\u00e0 intessendo, grazie ad una serie di dibattiti, incontri e workshop, diverse relazioni con altri enti e realt\u00e0 extraterritoriali, per crescere sempre di pi\u00f9\u201d. <\/p>\n<p>Sono state circa 60 le cooperative liguri a partecipare al progetto, soprattutto nel campo dell&#8217;agricoltura sociale, della pesca e del turismo sociale, unite alle cooperative delle altre regioni, circa 800 quelle invitate a partecipare. Agli incontri -tenutisi nell&#8217;arco di un anno in diverse location italiane, l&#8217;ultimo dei quali si \u00e8 svolto a Massa di Carrara il 7 ottobre- sono state presentate diverse realt\u00e0, che hanno iniziato a lavorare insieme grazie a un grande incubatore di imprese. Un dato interessante \u00e8 il crescente interesse dei giovani all&#8217;avvicinarsi all&#8217;imprenditoria. <\/p>\n<p>\u201cGli sviluppi futuri di questo progetto sono gi\u00e0 qui, nel presente &#8211; ha concluso Balzini &#8211; perch\u00e9 le diverse realt\u00e0 che si sono messe in contatto in questi mesi stanno gi\u00e0 lavorando insieme, con il nostro supporto. E noi vogliamo puntare, sempre di pi\u00f9, sulle cooperative di giovani. Fornendo un supporto concreto, con strumenti e indicazioni di lavoro, una volta terminata la formazione. Perch\u00e9 \u00e8 proprio quello il momento in cui i giovani che vogliono lanciarsi nell&#8217;imprenditoria si arenano. Spesso troppo spaventati da ci\u00f2 che dovranno affrontare. Stiamo lavorando ad un grande incubatore di idee, grazie ad un consorzio, e speriamo possa essere un aiuto concreto a questi giovani\u201d. <\/p>\n<p>Un riavvicinamento alla terra e soprattutto all&#8217;agricoltura sociale, che unisce l&#8217;amore per i prodotti genuini alla volont\u00e0 di dare lavoro a soggetti fragili o svantaggiati. Il mondo dei prodotti km0, dei Gruppi di Acquisto Solidale, del biologico, cercando di uscire fuori dai classici slogan, per equilibrare prezzi e lavoro. Il tutto con il supporto materiale e burocratico necessario, nell&#8217;ottica di una rete di imprese solida e ben radicata. Il progetto Savoir ha aperto la via, e Confcooperative Liguria ha confermato forte e chiara la propria partecipazione.<\/p>\n","protected":false},"excerpt":{"rendered":"<p>Liguria. Progetto Savoir per la promozione di reti imprenditoriali grazie al Programma Operativo Italia-Francia Marittimo 2007-2013. Confcooperative Liguria, forte dei propri valori di solidariet\u00e0 e cooperazione, ha preso parte, unitamente a Confcooperative Toscana, Confcooperative Sardegna e Petra Patrimonia della Corsica, ad un progetto di sviluppo imprenditoriale trasversale e internazionale, per rendere ancora pi\u00f9 grandi i [&hellip;]<\/p>\n","protected":false},"author":4,"featured_media":0,"comment_status":"open","ping_status":"closed","sticky":false,"template":"","format":"standard","meta":{"footnotes":""},"categories":[35],"tags":[38827,25343],"class_list":["post-305059","post","type-post","status-publish","format-standard","hentry","category-economia","tag-confcooperative","tag-confcooperative-liguria","post_tag_personaggi-valerio-balzini"],"amp_validity":null,"amp_enabled":true,"_links":{"self":[{"href":"https:\/\/staging.ivg.it\/ediapi\/wp\/v2\/posts\/305059","targetHints":{"allow":["GET"]}}],"collection":[{"href":"https:\/\/staging.ivg.it\/ediapi\/wp\/v2\/posts"}],"about":[{"href":"https:\/\/staging.ivg.it\/ediapi\/wp\/v2\/types\/post"}],"author":[{"embeddable":true,"href":"https:\/\/staging.ivg.it\/ediapi\/wp\/v2\/users\/4"}],"replies":[{"embeddable":true,"href":"https:\/\/staging.ivg.it\/ediapi\/wp\/v2\/comments?post=305059"}],"version-history":[{"count":0,"href":"https:\/\/staging.ivg.it\/ediapi\/wp\/v2\/posts\/305059\/revisions"}],"wp:attachment":[{"href":"https:\/\/staging.ivg.it\/ediapi\/wp\/v2\/media?parent=305059"}],"wp:term":[{"taxonomy":"category","embeddable":true,"href":"https:\/\/staging.ivg.it\/ediapi\/wp\/v2\/categories?post=305059"},{"taxonomy":"post_tag","embeddable":true,"href":"https:\/\/staging.ivg.it\/ediapi\/wp\/v2\/tags?post=305059"}],"curies":[{"name":"wp","href":"https:\/\/api.w.org\/{rel}","templated":true}]}}