{"id":304971,"date":"2015-10-30T12:38:03","date_gmt":"2015-10-30T11:38:03","guid":{"rendered":"http:\/\/www.ivg.it\/?p=304971"},"modified":"2015-10-30T14:12:00","modified_gmt":"2015-10-30T13:12:00","slug":"funghi-2-0-a-sassello-nuova-app-e-progetto-su-marchio-ad-hoc","status":"publish","type":"post","link":"https:\/\/staging.ivg.it\/2015\/10\/funghi-2-0-a-sassello-nuova-app-e-progetto-su-marchio-ad-hoc\/","title":{"rendered":"&#8220;Funghi 2.0 a Sassello&#8221;, nuova app e progetto su marchio ad hoc"},"content":{"rendered":"<p><strong>Sassello.<\/strong> Presentazione a Palazzo Nervi dell&#8217;incontro &#8220;Una stagione per i funghi&#8221;, che si svolger\u00e0 gioved\u00ec 5 novembre a Sassello, presso la Casa del Parco (Foresta della Deiva) alle 17.30. Al centro dell\u2019iniziativa la valorizzazione del territorio e della \u201crisorsa fungo\u201d e le sue incidenze sull&#8217;economia rurale, sul turismo, sulla ricerca scientifica e sulla formazione. Ma non solo: presentata anche la speciale app per i fungaioli, utile per la ricerca e il ritrovamento dei funghi ma anche per essere localizzati facilmente in caso di smarrimento nei boschi e nei sentieri delle vallate.<\/p>\n<p>Funghi 2.0 di fatto, grazie alle risorse del piano di sviluppo rurale. L\u2019app sulle cartografie sar\u00e0 molto utile e speriamo di potenziare ulteriormente i servizi, come con la stessa estensione della rete wifi\u201d spiega il sindaco di Sassello Daniele Buschiazzo.<\/p>\n<p>\u201cL\u2019app permette di visualizzare una cartografia completa anche nelle zone dove non c\u2019\u00e8 copertura delle reti telefoniche. Un sistema autonomo e ognuno potr\u00e0 caricare la propria app comodamente: sapr\u00e0 sempre in quale punto si trova, con un costante aggiornamento delle condizioni meteo\u201d afferma Sandro Zappatore dell\u2019Universit\u00e0 di Genova.<\/p>\n<p>Ma Sassello \u00e8 al lavoro anche per un brand specifico sul proprio fungo, con un progetto avviato proprio dall&#8217;Universit\u00e0: \u201cStiamo facendo un lavoro di tracciatura molto minuzioso, lavorando con ricercatori, micologi e geologi per certificare le caratteristiche comuni del fungo di Sassello: i risultati sono interessanti e saranno a breve resi pubblici dopo le ultime ricerche\u201d affermano Pietro Mareschotti e Mirka Zotti, micologi dell\u2019Universit\u00e0 di Genova.<\/p>\n","protected":false},"excerpt":{"rendered":"<p>Valorizzazione del &#8220;prodotto-fungo&#8221; e nuovo servizio per fungaioli ed escursionisti contro i rischi di smarrimento nei boschi<\/p>\n","protected":false},"author":4,"featured_media":0,"comment_status":"open","ping_status":"closed","sticky":false,"template":"","format":"standard","meta":{"footnotes":""},"categories":[45296,35],"tags":[459,2996],"class_list":["post-304971","post","type-post","status-publish","format-standard","hentry","category-copertina","category-economia","tag-funghi","tag-universita-di-genova","post_cat_citta-sassello","post_tag_personaggi-daniele-buschiazzo"],"amp_validity":null,"amp_enabled":true,"_links":{"self":[{"href":"https:\/\/staging.ivg.it\/ediapi\/wp\/v2\/posts\/304971","targetHints":{"allow":["GET"]}}],"collection":[{"href":"https:\/\/staging.ivg.it\/ediapi\/wp\/v2\/posts"}],"about":[{"href":"https:\/\/staging.ivg.it\/ediapi\/wp\/v2\/types\/post"}],"author":[{"embeddable":true,"href":"https:\/\/staging.ivg.it\/ediapi\/wp\/v2\/users\/4"}],"replies":[{"embeddable":true,"href":"https:\/\/staging.ivg.it\/ediapi\/wp\/v2\/comments?post=304971"}],"version-history":[{"count":0,"href":"https:\/\/staging.ivg.it\/ediapi\/wp\/v2\/posts\/304971\/revisions"}],"wp:attachment":[{"href":"https:\/\/staging.ivg.it\/ediapi\/wp\/v2\/media?parent=304971"}],"wp:term":[{"taxonomy":"category","embeddable":true,"href":"https:\/\/staging.ivg.it\/ediapi\/wp\/v2\/categories?post=304971"},{"taxonomy":"post_tag","embeddable":true,"href":"https:\/\/staging.ivg.it\/ediapi\/wp\/v2\/tags?post=304971"}],"curies":[{"name":"wp","href":"https:\/\/api.w.org\/{rel}","templated":true}]}}