{"id":304543,"date":"2015-10-25T18:03:54","date_gmt":"2015-10-25T17:03:54","guid":{"rendered":"http:\/\/www.ivg.it\/?p=304543"},"modified":"2015-10-25T18:13:01","modified_gmt":"2015-10-25T17:13:01","slug":"alassio-rimozione-del-monumento-a-bestoso-la-figlia-pronta-a-chiedere-lo-spostamento-al-cimitero-di-stellanello","status":"publish","type":"post","link":"https:\/\/staging.ivg.it\/2015\/10\/alassio-rimozione-del-monumento-a-bestoso-la-figlia-pronta-a-chiedere-lo-spostamento-al-cimitero-di-stellanello\/","title":{"rendered":"Alassio, rimozione del monumento a Bestoso: la figlia pronta a chiedere lo spostamento al cimitero di Stellanello"},"content":{"rendered":"<p><strong>Alassio<\/strong>. Portare via il monumento da Alassio e trasferirlo a Stellanello, dove suo padre riposa. E\u2019 questa la richiesta che domani Linda Bestoso, la figlia di Mario Bestoso, presenter\u00e0 al sindaco della citt\u00e0 del muretto Enzo Canepa.<\/p>\n<p>Ad annunciarlo \u00e8 l\u2019ex primo cittadino Roberto Avogadro, che precisa: \u201cSe il monumento verr\u00e0 rimosso, Linda Bestoso (che ora ha 83 anni ma all&#8217;epoca dell&#8217;uccisione di suo padre era una bimba) chiede ufficialmente che non resti un giorno di pi\u00f9 sul territorio alassino ma che sia trasferito nel cimitero di Stellanello dove suo padre riposa. A questo proposito domani cercher\u00e0 di incontrare l&#8217;amministrazione comunale di Alassio dalla quale non \u00e8 nemmeno stata avvisata di questa decisione. La signora Linda infatti ritiene che una citt\u00e0 senza memoria e senza rispetto del suo passato non si meriti la permanenza del monumento\u201d.<\/p>\n<p>La nipote di Bestoso, Graziella Danio, ha lanciato l\u2019appello su Facebook: \u201cA tutti gli amici di Facebook chiedo di aiutarmi nella campagna per salvare il monumento di mio nonno morto trucidato nel 44 sul molo. L&#8217;amministrazione lo vuole spostare per una mera questione estetica e di prospettiva\u201d.<\/p>\n<p>A rendere nota la decisione dell\u2019amministrazione Canepa \u00e8\u00a0stato l\u2019ex sindaco Avogadro, che ha\u00a0definito il provvedimento &#8220;Una cosa gravissima, gravissima sotto molteplici punti di vista, e per l&#8217;ennesima volta dimostra l&#8217;arroganza, la rozzezza e la mancanza di cultura di questa amministrazione. Non \u00e8 un caso che il pontile di Alassio sia intitolato a Mario Bestoso, che il monumento in sua memoria sia stato collocato proprio in questo posto nel 1996 con un discorso commemorativo del giudice Capponetto, che tradizionalmente le celebrazioni del 25 Aprile terminano proprio in questo punto con la deposizione di una corona di alloro: fu infatti in questo luogo che nel 1944 Mario Bestoso fu trucidato dopo un processo sommario dai nazi-fascisti. Questo posto \u00e8 diventato negli anni luogo della memoria, non solo di una Persona, ma di un intero tragico periodo storico e di tutti quelli che in quegli anni persero la vita in nome della Libert\u00e0\u201d.<\/p>\n<p>\u201cRimuovere questo monumento, opera dello scultore Raffaele Mondazzi, dimostra che chi ci amministra non conosce Alassio, le sue tradizioni, la sua cultura, o forse peggio, se la conosce la disprezza e non le tiene in alcun conto &#8211; aveva detto Avogadro &#8211; La motivazione addotta \u00e8 assolutamente risibile, permettere la visione del pontile in una nuova prospettiva. Una motivazione che si pu\u00f2 accettare da un architetto che calato da Marte si concentra solo sull&#8217;aspetto tecnico di questa scelta ma che non pu\u00f2 essere avvallata se sostenuta da una amministrazione comunale che dovrebbe conoscere quelli che sono i valori della Citt\u00e0 da loro amministrata, e la memoria Mario Bestoso costituisce uno di questi valori\u201d aggiunge ancora Avogadro.<\/p>\n<p>\u201cMa gli affronti in questa storia non finiscono qui. Qualcuno di questa amministrazione si \u00e8 degnato di avvisare i parenti di Mario Bestoso che per decisione di sindaco, vicesindaco, ecc. Da questo momento il loro congiunto non rappresenta pi\u00f9 per Alassio una memoria degna di questo nome ma \u00e8 stata avviata sulla strada del dimenticatoio. Qualcuno di questi ha avvisato la figlia Linda Bestoso, ora ottantreenne, che nel 1944 perse il padre a tredici anni, che sul luogo dove fu ammazzato suo padre non c&#8217;\u00e8 pi\u00f9 posto per monumento commemorativo perch\u00e9 rovina l&#8217;estetica del pontile\u201d.<\/p>\n<p>\u201cCara Linda l&#8217;Alassio per bene ti \u00e8 vicina, come lo \u00e8 sempre stata in tutti questi anni, e di tuo Padre si continuer\u00e0 a parlare con enorme rispetto per lunghissimo tempo, non saranno certo le scelte scellerate, insensibili, miopi, arroganti e barbare di questa amministrazione a scalfire la Sua memoria\u201d concludeva l\u2019ex sindaco alassino.<\/p>\n","protected":false},"excerpt":{"rendered":"<p>E la nipote lancia l\u2019appello su Facebook: \u201cAiutatemi a salvare il monumento di mio nonno&#8221;<\/p>\n","protected":false},"author":12120,"featured_media":0,"comment_status":"open","ping_status":"closed","sticky":false,"template":"","format":"standard","meta":{"footnotes":""},"categories":[45296,31],"tags":[53557,74718],"class_list":["post-304543","post","type-post","status-publish","format-standard","hentry","category-copertina","category-politica","tag-molo-bestoso","tag-molo-bestoso-alassio","post_cat_citta-alassio","post_tag_personaggi-enzo-canepa-2","post_tag_personaggi-graziella-danio","post_tag_personaggi-linda-bestoso","post_tag_personaggi-roberto-avogadro"],"amp_validity":null,"amp_enabled":true,"_links":{"self":[{"href":"https:\/\/staging.ivg.it\/ediapi\/wp\/v2\/posts\/304543","targetHints":{"allow":["GET"]}}],"collection":[{"href":"https:\/\/staging.ivg.it\/ediapi\/wp\/v2\/posts"}],"about":[{"href":"https:\/\/staging.ivg.it\/ediapi\/wp\/v2\/types\/post"}],"author":[{"embeddable":true,"href":"https:\/\/staging.ivg.it\/ediapi\/wp\/v2\/users\/12120"}],"replies":[{"embeddable":true,"href":"https:\/\/staging.ivg.it\/ediapi\/wp\/v2\/comments?post=304543"}],"version-history":[{"count":0,"href":"https:\/\/staging.ivg.it\/ediapi\/wp\/v2\/posts\/304543\/revisions"}],"wp:attachment":[{"href":"https:\/\/staging.ivg.it\/ediapi\/wp\/v2\/media?parent=304543"}],"wp:term":[{"taxonomy":"category","embeddable":true,"href":"https:\/\/staging.ivg.it\/ediapi\/wp\/v2\/categories?post=304543"},{"taxonomy":"post_tag","embeddable":true,"href":"https:\/\/staging.ivg.it\/ediapi\/wp\/v2\/tags?post=304543"}],"curies":[{"name":"wp","href":"https:\/\/api.w.org\/{rel}","templated":true}]}}