{"id":304312,"date":"2015-10-22T11:20:27","date_gmt":"2015-10-22T09:20:27","guid":{"rendered":"http:\/\/www.ivg.it\/?p=304312"},"modified":"2015-10-22T11:26:16","modified_gmt":"2015-10-22T09:26:16","slug":"non-solo-chiusure-ecco-la-savona-che-si-mette-in-gioco-5-nuovi-negozi-in-centro","status":"publish","type":"post","link":"https:\/\/staging.ivg.it\/2015\/10\/non-solo-chiusure-ecco-la-savona-che-si-mette-in-gioco-5-nuovi-negozi-in-centro\/","title":{"rendered":"Non solo chiusure, ecco la Savona che si mette in gioco: 5 nuovi negozi in centro"},"content":{"rendered":"<p><strong>Savona.<\/strong> &#8220;<strong>Non c&#8217;\u00e8 solo la Savona che chiude<\/strong>, la Savona che sta morendo, la Savona delle serrande abbassate o dei suicidi. <strong>C&#8217;\u00e8 anche quella che rischia e tira fuori gli attributi, mettendosi in gioco nel mondo del mugugno savonese<\/strong>&#8220;. Questo l&#8217;appello all&#8217;ottimismo di alcuni commercianti di via Pia a Savona, che infastiditi dal tam tam mediatico che negli ultimi giorni ha sottolineato soprattutto le chiusure di negozi storici o gli effetti della crisi e del degrado, hanno voluto sottolineare come ci siano anche realt\u00e0 positive e &#8220;belle notizie&#8221; nel centro di Savona.<\/p>\n<p>Ed in effetti, guardandosi in giro, <strong>non ci sono solo le serrande che si abbassano: sono tante quelle pronte ad alzarsi. Una lo far\u00e0 proprio questa sera<\/strong>, &#8220;La Bottega Italiana&#8221; in via Mistrangelo (<a href=\"http:\/\/www.ivg.it\/2015\/10\/savona-ecco-la-nuova-bottega-italiana-per-i-prodotti-km-0\/\">clicca qui per l&#8217;articolo<\/a>); a questa si possono aggiungere, in via Pia, tre locali (l&#8217;ex Perasso, l&#8217;ex Saccomani e l&#8217;ex Modo) nei quali i lavori sono in corso, e sono quasi pronti a riaprire sotto una nuova insegna. Senza dimenticare la storica latteria di piazza Chabrol: dopo il trasloco degli Aonzo in via Caboto (la loro chiusura fece scalpore, portando a una imponente mobilitazione cittadina), anche in quel locale sono iniziati i lavori, segno di una prossima riapertura.<\/p>\n<p>I commercianti del centro si dicono consapevoli del fatto che la &#8220;cronaca bianca&#8221; non faccia notizia, e che per questo si parli pi\u00f9 spesso di chi chiude, o di quello che non funziona nei vicoli della citt\u00e0. Ma <strong>l&#8217;appello \u00e8 a non rinunciare all&#8217;ottimismo<\/strong>, a sottolineare anche le cose che funzionano: ad esempio quelle cinque serrande, pronte ad alzarsi &#8220;alla faccia di tutti coloro che non credono in Savona. E anche se ci sar\u00e0 chi dir\u00e0 &#8216;gli do un mese di tempo&#8217;, &#8216;ce ne sono gi\u00e0 troppi&#8217; oppure &#8216;saranno cinesi&#8217;, <strong>tenete duro<\/strong>&#8220;.<\/p>\n","protected":false},"excerpt":{"rendered":"<p>Appello all&#8217;ottimismo dei commercianti di via Pia: &#8220;C&#8217;e anche chi rischia, alla faccia dei mugugni&#8221;<\/p>\n","protected":false},"author":10593,"featured_media":0,"comment_status":"open","ping_status":"closed","sticky":false,"template":"","format":"standard","meta":{"footnotes":""},"categories":[45296,35],"tags":[4708],"class_list":["post-304312","post","type-post","status-publish","format-standard","hentry","category-copertina","category-economia","tag-negozi","post_cat_citta-savona"],"amp_validity":null,"amp_enabled":true,"_links":{"self":[{"href":"https:\/\/staging.ivg.it\/ediapi\/wp\/v2\/posts\/304312","targetHints":{"allow":["GET"]}}],"collection":[{"href":"https:\/\/staging.ivg.it\/ediapi\/wp\/v2\/posts"}],"about":[{"href":"https:\/\/staging.ivg.it\/ediapi\/wp\/v2\/types\/post"}],"author":[{"embeddable":true,"href":"https:\/\/staging.ivg.it\/ediapi\/wp\/v2\/users\/10593"}],"replies":[{"embeddable":true,"href":"https:\/\/staging.ivg.it\/ediapi\/wp\/v2\/comments?post=304312"}],"version-history":[{"count":0,"href":"https:\/\/staging.ivg.it\/ediapi\/wp\/v2\/posts\/304312\/revisions"}],"wp:attachment":[{"href":"https:\/\/staging.ivg.it\/ediapi\/wp\/v2\/media?parent=304312"}],"wp:term":[{"taxonomy":"category","embeddable":true,"href":"https:\/\/staging.ivg.it\/ediapi\/wp\/v2\/categories?post=304312"},{"taxonomy":"post_tag","embeddable":true,"href":"https:\/\/staging.ivg.it\/ediapi\/wp\/v2\/tags?post=304312"}],"curies":[{"name":"wp","href":"https:\/\/api.w.org\/{rel}","templated":true}]}}