{"id":304244,"date":"2015-10-21T09:51:58","date_gmt":"2015-10-21T07:51:58","guid":{"rendered":"http:\/\/www.ivg.it\/?p=304244"},"modified":"2015-10-21T15:08:53","modified_gmt":"2015-10-21T13:08:53","slug":"ex-fruttital-convocato-vertice-in-provincia-sindacati-trovare-presto-una-soluzione","status":"publish","type":"post","link":"https:\/\/staging.ivg.it\/2015\/10\/ex-fruttital-convocato-vertice-in-provincia-sindacati-trovare-presto-una-soluzione\/","title":{"rendered":"Ex Fruttital, convocato vertice in Provincia. Sindacati: &#8220;Trovare presto una soluzione&#8221;"},"content":{"rendered":"<p><strong>Albenga.<\/strong>\u00a0E&#8217; scaduta ormai da marzo la cassa integrazione per gli ex lavoratori della Fruttital di Albenga, una quarantina di persone che attendono da tempo una prospettiva di ricollocazione; per molti di loro la fine della mobilit\u00e0 \u00e8 fissata a marzo 2016,dopo di che sar\u00e0\u00a0la fine di ogni tutela\u00a0se non arriveranno soluzioni concrete sul fronte occupazionale<\/p>\n<p>Per luned\u00ec 26 ottobre, alle ore 15:00, presso la Provincia di Savona, si terr\u00e0 un incontro istituzionale sulla vertenza, alla presenza di organizzazioni sindacali, ente provinciale, Comune di Albenga, Regione Liguria, Gf Group e Unione Industriali di Savona. <\/p>\n<p>&#8220;E&#8217; necessario continuare a lavorare sugli strumenti previsti dal protocollo di intesa siglato con enti locali, azienda e Unione Industriali nel dicembre 2014 per la ricollocazione del personale ex Fruttital nelle attivit\u00e0 prospettate sul territorio ingauno&#8221; ha detto Cristiano Ghiglia della Filcams Cgil savonese.<\/p>\n<p>E&#8217; necessario fare presto e trovare soluzioni occupazionali per i lavoratori. Ognuno, concretamente, faccia la sua parte per un esito positivo della vertenza&#8221; conclude Ghiglia.<\/p>\n","protected":false},"excerpt":{"rendered":"<p>Tra pochi mesi la scadenza della mobilit\u00e0 e i lavoratori sono ancora senza prospettive occupazionali<\/p>\n","protected":false},"author":4,"featured_media":0,"comment_status":"open","ping_status":"closed","sticky":false,"template":"","format":"standard","meta":{"footnotes":""},"categories":[45296,35],"tags":[56798,6380,26724],"class_list":["post-304244","post","type-post","status-publish","format-standard","hentry","category-copertina","category-economia","tag-ex-fruttital","tag-filcams-cgil","tag-fruttital","post_cat_citta-albenga","post_tag_personaggi-cristiano-ghiglia-2"],"amp_validity":null,"amp_enabled":true,"_links":{"self":[{"href":"https:\/\/staging.ivg.it\/ediapi\/wp\/v2\/posts\/304244","targetHints":{"allow":["GET"]}}],"collection":[{"href":"https:\/\/staging.ivg.it\/ediapi\/wp\/v2\/posts"}],"about":[{"href":"https:\/\/staging.ivg.it\/ediapi\/wp\/v2\/types\/post"}],"author":[{"embeddable":true,"href":"https:\/\/staging.ivg.it\/ediapi\/wp\/v2\/users\/4"}],"replies":[{"embeddable":true,"href":"https:\/\/staging.ivg.it\/ediapi\/wp\/v2\/comments?post=304244"}],"version-history":[{"count":0,"href":"https:\/\/staging.ivg.it\/ediapi\/wp\/v2\/posts\/304244\/revisions"}],"wp:attachment":[{"href":"https:\/\/staging.ivg.it\/ediapi\/wp\/v2\/media?parent=304244"}],"wp:term":[{"taxonomy":"category","embeddable":true,"href":"https:\/\/staging.ivg.it\/ediapi\/wp\/v2\/categories?post=304244"},{"taxonomy":"post_tag","embeddable":true,"href":"https:\/\/staging.ivg.it\/ediapi\/wp\/v2\/tags?post=304244"}],"curies":[{"name":"wp","href":"https:\/\/api.w.org\/{rel}","templated":true}]}}